{"id":216607,"date":"2023-07-29T01:09:50","date_gmt":"2023-07-29T04:09:50","guid":{"rendered":"https:\/\/diarioregionaldigital.com.br\/?p=216607"},"modified":"2023-07-29T01:09:50","modified_gmt":"2023-07-29T04:09:50","slug":"bndes-lanca-edital-para-escolher-gestor-de-fundo-da-pequena-africa","status":"publish","type":"post","link":"https:\/\/diarioregionaldigital.com.br\/?p=216607","title":{"rendered":"BNDES lan\u00e7a edital para escolher gestor de fundo da Pequena \u00c1frica"},"content":{"rendered":"<p>O Banco Nacional de Desenvolvimento Econ\u00f4mico e Social (BNDES) lan\u00e7ou nesta sexta-feira (28) o\u00a0<a href=\"https:\/\/www.bndes.gov.br\/wps\/wcm\/connect\/site\/86fca7e8-96f3-4898-9bd8-a6524051bc96\/Edital+Viva+Pequena+%C3%81frica.pdf?MOD=AJPERES&amp;CVID=oCoLZ.u\" target=\"_blank\" rel=\"noopener\">edital Viva Pequena \u00c1frica<\/a>, no Museu da Hist\u00f3ria e da Cultura Afro-Brasileira (Muhcab), no Rio de Janeiro. Por meio da sele\u00e7\u00e3o p\u00fablica,\u00a0vai ser escolhida uma institui\u00e7\u00e3o sem fins lucrativos para gerir um fundo de R$ 20 milh\u00f5es de investimentos na regi\u00e3o, reconhecida por preservar heran\u00e7as culturais africanas. As inscri\u00e7\u00f5es v\u00e3o at\u00e9 11 de setembro, e o resultado vai ser divulgado em 20 de novembro, Dia da Consci\u00eancia Negra.<img decoding=\"async\" src=\"https:\/\/agenciabrasil.ebc.com.br\/ebc.png?id=1546170&amp;o=node\" \/><img decoding=\"async\" src=\"https:\/\/agenciabrasil.ebc.com.br\/ebc.gif?id=1546170&amp;o=node\" \/><\/p>\n<p>O gestor do fundo ser\u00e1 respons\u00e1vel por apoiar projetos culturais, promover reformas e capacitar pessoas que desempenhem atividades relacionadas \u00e0 valoriza\u00e7\u00e3o da identidade cultural afro-brasileira. Tamb\u00e9m far\u00e1 o levantamento de estudos, acervos e necessidades do territ\u00f3rio da Pequena \u00c1frica. Para participar do edital, \u00e9 preciso seguir alguns requisitos de equidade racial, como ter na equipe um m\u00ednimo de 30% de pessoas autodeclaradas negras, ter hist\u00f3rico de a\u00e7\u00f5es em prol da equidade racial e propor a\u00e7\u00f5es afirmativas nesse sentido.<\/p>\n<p>O presidente do BNDES, Aloizio Mercadante, disse que o governo federal est\u00e1 comprometido com o desenvolvimento da regi\u00e3o, por entender a import\u00e2ncia que ela ocupa na hist\u00f3ria do pa\u00eds.<\/p>\n<p>\u201cN\u00f3s temos aqui hoje a m\u00fasica, a culin\u00e1ria, a religiosidade, os ritos. Diversas formas de express\u00e3o dessa cultura que n\u00f3s queremos preservar e valorizar. Para permitir recontar e revisitar a hist\u00f3ria do povo negro, que deu uma imensa contribui\u00e7\u00e3o cultural, econ\u00f4mica e social para o Brasil. Ent\u00e3o, o BNDES est\u00e1 fazendo esse edital em parceria com o comit\u00ea gestor da Unesco, que reconhece como patrim\u00f4nio hist\u00f3rico da humanidade o Cais do Valongo\u201d, disse Mercadante.<\/p>\n<div class=\"dnd-widget-wrapper context-cheio_8colunas type-image\">\n<div class=\"dnd-atom-rendered\">\n<div class=\"shadow overflow-hidden rounded-lg d-block zoom-on-hover-sm shadow-hover w-100\"><img decoding=\"async\" class=\"flex-fill img-cover\" title=\"Arte\/BNDES\/Divulga\u00e7\u00e3o\" src=\"https:\/\/imagens.ebc.com.br\/sj2dZeJnNovWPjg_Y7uFiGzwyRg=\/754x0\/smart\/https:\/\/agenciabrasil.ebc.com.br\/sites\/default\/files\/thumbnails\/image\/bndes_vivapequenaafrica_mapa.jpg?itok=xxii7xGD\" alt=\"No \u00e2mbito da Iniciativa Viva Pequena \u00c1frica, considera-se Territ\u00f3rio da Pequena \u00c1frica qualquer uma das \u00e1reas e circuitos destacados no mapa abaixo. Foto: Arte\/BNDES\/Divulga\u00e7\u00e3o\" \/><\/div>\n<\/div>\n<div class=\"dnd-caption-wrapper\">\n<h6 class=\"meta\">Regi\u00e3o conhecida como Pequena \u00c1frica &#8211;\u00a0<strong>Arte\/BNDES\/Divulga\u00e7\u00e3o<\/strong><\/h6>\n<\/div>\n<\/div>\n<p>O lan\u00e7amento do edital ocorre na semana em que foram conhecidas novidades nas investiga\u00e7\u00f5es do\u00a0assassinato\u00a0da vereadora\u00a0Marielle Franco e do motorista Anderson Gomes. Presente no evento, Anielle Franco, ministra da Igualdade Racial e irm\u00e3 de Marielle, lembrou a hist\u00f3ria de luta da fam\u00edlia ao falar da import\u00e2ncia de iniciativas que valorizam a mem\u00f3ria da popula\u00e7\u00e3o negra.<\/p>\n<p>\u201cTodo mundo que est\u00e1 aqui tem hist\u00f3ria de resist\u00eancia. Que passa pela minha hist\u00f3ria de vida, da minha fam\u00edlia e da minha irm\u00e3. Se tem um lugar que a gente considera um ber\u00e7o ancestral, a Pequena \u00c1frica \u00e9 esse espa\u00e7o\u201d, disse a ministra Anielle. \u201cPara mim, tem sido uma responsabilidade imensa concretizar um sonho e fortalecer esse lugar de um povo que est\u00e1 h\u00e1 tantos anos lutando. N\u00e3o tem sido dias f\u00e1ceis. Mas tem sido dias de muito afeto e dedica\u00e7\u00e3o. Para al\u00e9m desses centros de mem\u00f3ria, a gente precisa tamb\u00e9m seguir realizando pol\u00edtica p\u00fablicas concretas\u201d.<\/p>\n<h2>Iniciativa Valongo<\/h2>\n<p>O edital Viva Pequena \u00c1frica est\u00e1 inserido na Iniciativa Valongo, um plano de a\u00e7\u00f5es para fortalecer e organizar as institui\u00e7\u00f5es que atuam no territ\u00f3rio da Pequena \u00c1frica. Em uma primeira fase, al\u00e9m da escolha do gestor do fundo de R$ 20 milh\u00f5es, est\u00e3o previstas a elabora\u00e7\u00e3o do conceito do futuro Museu Nacional da Heran\u00e7a Africana e a estrutura\u00e7\u00e3o de projetos para o Distrito Cultural da Pequena \u00c1frica. Este \u00faltimo inclui o Museu da Mem\u00f3ria, o Centro de Interpreta\u00e7\u00e3o do Cais do Valongo e o Laborat\u00f3rio de Arqueologia Urbana (LAAU).<\/p>\n<p>Nessa primeira fase, tamb\u00e9m haver\u00e1 mapeamento de pr\u00e9dios p\u00fablicos hist\u00f3ricos ociosos na regi\u00e3o. A ideia \u00e9 que eles sejam utilizados para abrigar universidades, bibliotecas e empresas de tecnologia. Uma segunda fase est\u00e1 prevista para o segundo semestre de 2024, quando v\u00e3o come\u00e7ar as obras para restaurar o pr\u00e9dio Docas Dom Pedro II, erguido no per\u00edodo imperial pelo engenheiro negro Andr\u00e9 Rebou\u00e7as.<\/p>\n<p>\u201cN\u00f3s come\u00e7amos com a primeira fase, para n\u00e3o repetir erros anteriores, quando o Estado investe em projetos muito bonitos e interessantes, mas aqueles que viviam l\u00e1, constru\u00edram e resistiram s\u00e3o afastados pela especula\u00e7\u00e3o imobili\u00e1ria\u201d, disse Mercadante. \u201cNa segunda fase, estimamos algo pr\u00f3ximo a R$ 200 milh\u00f5es\u00a0para concluir a obra [do pr\u00e9dio Docas]. Mas ainda tem muita conversa para fazer com os parceiros privados para montar o or\u00e7amento e o projeto.\u201d<\/p>\n<p>A Iniciativa Valongo \u00e9 gerida por dois grupos independentes e complementares. O primeiro deles \u00e9 um Grupo de Trabalho Interministerial que, al\u00e9m do BNDES, inclui os minist\u00e9rios da Cultura; da Igualdade Racial; e dos\u00a0Direitos Humanos e da Cidadania, o Instituto do Patrim\u00f3nio Hist\u00f3rico e Art\u00edstico Nacional (Iphan), a Funda\u00e7\u00e3o Palmares, o Instituto Brasileiro de Museus (Ibram), e a prefeitura do Rio como convidada permanente. O segundo \u00e9 o Comit\u00ea Gestor participativo do Cais do Valongo, que inclui 15 institui\u00e7\u00f5es representativas da sociedade civil e 16 governamentais nas esferas federal, estadual e municipal.<\/p>\n<p><span style=\"font-weight: 400;\">Fonte: Ag\u00eancia Brasil <\/span><\/p>\n","protected":false},"excerpt":{"rendered":"<p>O Banco Nacional de Desenvolvimento Econ\u00f4mico e Social (BNDES) lan\u00e7ou nesta sexta-feira (28) o\u00a0edital Viva Pequena \u00c1frica, no Museu da Hist\u00f3ria e da Cultura Afro-Brasileira (Muhcab), no Rio de Janeiro. Por meio da sele\u00e7\u00e3o p\u00fablica,\u00a0vai ser escolhida uma institui\u00e7\u00e3o sem fins lucrativos para gerir um fundo de R$ 20 milh\u00f5es de investimentos na regi\u00e3o, reconhecida [&hellip;]<\/p>\n","protected":false},"author":246,"featured_media":216608,"comment_status":"closed","ping_status":"closed","sticky":false,"template":"","format":"standard","meta":{"footnotes":""},"categories":[436,261,439],"tags":[],"class_list":["post-216607","post","type-post","status-publish","format-standard","has-post-thumbnail","hentry","category-destaque-da-semana","category-economia","category-ultima-hora"],"_links":{"self":[{"href":"https:\/\/diarioregionaldigital.com.br\/index.php?rest_route=\/wp\/v2\/posts\/216607","targetHints":{"allow":["GET"]}}],"collection":[{"href":"https:\/\/diarioregionaldigital.com.br\/index.php?rest_route=\/wp\/v2\/posts"}],"about":[{"href":"https:\/\/diarioregionaldigital.com.br\/index.php?rest_route=\/wp\/v2\/types\/post"}],"author":[{"embeddable":true,"href":"https:\/\/diarioregionaldigital.com.br\/index.php?rest_route=\/wp\/v2\/users\/246"}],"replies":[{"embeddable":true,"href":"https:\/\/diarioregionaldigital.com.br\/index.php?rest_route=%2Fwp%2Fv2%2Fcomments&post=216607"}],"version-history":[{"count":1,"href":"https:\/\/diarioregionaldigital.com.br\/index.php?rest_route=\/wp\/v2\/posts\/216607\/revisions"}],"predecessor-version":[{"id":216609,"href":"https:\/\/diarioregionaldigital.com.br\/index.php?rest_route=\/wp\/v2\/posts\/216607\/revisions\/216609"}],"wp:featuredmedia":[{"embeddable":true,"href":"https:\/\/diarioregionaldigital.com.br\/index.php?rest_route=\/wp\/v2\/media\/216608"}],"wp:attachment":[{"href":"https:\/\/diarioregionaldigital.com.br\/index.php?rest_route=%2Fwp%2Fv2%2Fmedia&parent=216607"}],"wp:term":[{"taxonomy":"category","embeddable":true,"href":"https:\/\/diarioregionaldigital.com.br\/index.php?rest_route=%2Fwp%2Fv2%2Fcategories&post=216607"},{"taxonomy":"post_tag","embeddable":true,"href":"https:\/\/diarioregionaldigital.com.br\/index.php?rest_route=%2Fwp%2Fv2%2Ftags&post=216607"}],"curies":[{"name":"wp","href":"https:\/\/api.w.org\/{rel}","templated":true}]}}