{"id":216593,"date":"2023-07-28T06:00:38","date_gmt":"2023-07-28T09:00:38","guid":{"rendered":"https:\/\/diarioregionaldigital.com.br\/?p=216593"},"modified":"2023-07-28T05:36:05","modified_gmt":"2023-07-28T08:36:05","slug":"prefeitura-municipal-de-descoberto-contrato-no052-28-07-2023","status":"publish","type":"post","link":"https:\/\/diarioregionaldigital.com.br\/?p=216593","title":{"rendered":"Prefeitura Municipal de Descoberto &#8211; Contrato n\u00ba052 &#8211; 28\/07\/2023"},"content":{"rendered":"<p style=\"text-align: center;\"><strong>EXTRATO DE PRIMEIRO TERMO ADITIVO DE CONTRATO<\/strong><\/p>\n<p style=\"text-align: center;\">1\u00ba Termo Aditivo. Pref. Municipal de Descoberto x Mec\u00e2nica Carneirinho Ltda &#8211; Objeto: A modifica\u00e7\u00e3o do prazo de vig\u00eancia do contrato, que passar\u00e1 a vigorar de 25\/07\/2023 a 25\/07\/2024 &#8211; Fundamento: Preg\u00e3o \u00a0n\u00ba 019\/2022 \u2013 Valor Global: 244.400,07 \u2013 Vig\u00eancia: 12 meses \u2013 Dot or\u00e7: 02.02002.04.181.0002.222-339030\/100- 02.02007.08.243.0002.22-339030\/129- 02.02001.04.122.0002.202-339039\/100- 02.02004.12.361.0003.255-339030\/145- 02.02005.10.301.0004.284-339030\/102- 02.02006.15.122.0002.201-339039\/100- 02.02008.08.244.0011.231-339030\/129- &#8211; Ass: 25\/07\/2023- Foro: S\u00e3o Jo\u00e3o Nepomuceno\/MG.<\/p>\n<p style=\"text-align: center;\"><strong>Marcos de Ara\u00fajo Lima<\/strong><\/p>\n<p style=\"text-align: center;\"><strong>Prefeito Municipal<\/strong><\/p>\n","protected":false},"excerpt":{"rendered":"<p>EXTRATO DE PRIMEIRO TERMO ADITIVO DE CONTRATO 1\u00ba Termo Aditivo. Pref. Municipal de Descoberto x Mec\u00e2nica Carneirinho Ltda &#8211; Objeto: A modifica\u00e7\u00e3o do prazo de vig\u00eancia do contrato, que passar\u00e1 a vigorar de 25\/07\/2023 a 25\/07\/2024 &#8211; Fundamento: Preg\u00e3o \u00a0n\u00ba 019\/2022 \u2013 Valor Global: 244.400,07 \u2013 Vig\u00eancia: 12 meses \u2013 Dot or\u00e7: 02.02002.04.181.0002.222-339030\/100- 02.02007.08.243.0002.22-339030\/129- 02.02001.04.122.0002.202-339039\/100- [&hellip;]<\/p>\n","protected":false},"author":96,"featured_media":0,"comment_status":"closed","ping_status":"closed","sticky":false,"template":"","format":"standard","meta":{"footnotes":""},"categories":[307],"tags":[],"class_list":["post-216593","post","type-post","status-publish","format-standard","hentry","category-editais"],"_links":{"self":[{"href":"https:\/\/diarioregionaldigital.com.br\/index.php?rest_route=\/wp\/v2\/posts\/216593","targetHints":{"allow":["GET"]}}],"collection":[{"href":"https:\/\/diarioregionaldigital.com.br\/index.php?rest_route=\/wp\/v2\/posts"}],"about":[{"href":"https:\/\/diarioregionaldigital.com.br\/index.php?rest_route=\/wp\/v2\/types\/post"}],"author":[{"embeddable":true,"href":"https:\/\/diarioregionaldigital.com.br\/index.php?rest_route=\/wp\/v2\/users\/96"}],"replies":[{"embeddable":true,"href":"https:\/\/diarioregionaldigital.com.br\/index.php?rest_route=%2Fwp%2Fv2%2Fcomments&post=216593"}],"version-history":[{"count":1,"href":"https:\/\/diarioregionaldigital.com.br\/index.php?rest_route=\/wp\/v2\/posts\/216593\/revisions"}],"predecessor-version":[{"id":216594,"href":"https:\/\/diarioregionaldigital.com.br\/index.php?rest_route=\/wp\/v2\/posts\/216593\/revisions\/216594"}],"wp:attachment":[{"href":"https:\/\/diarioregionaldigital.com.br\/index.php?rest_route=%2Fwp%2Fv2%2Fmedia&parent=216593"}],"wp:term":[{"taxonomy":"category","embeddable":true,"href":"https:\/\/diarioregionaldigital.com.br\/index.php?rest_route=%2Fwp%2Fv2%2Fcategories&post=216593"},{"taxonomy":"post_tag","embeddable":true,"href":"https:\/\/diarioregionaldigital.com.br\/index.php?rest_route=%2Fwp%2Fv2%2Ftags&post=216593"}],"curies":[{"name":"wp","href":"https:\/\/api.w.org\/{rel}","templated":true}]}}