{"id":216590,"date":"2023-07-28T00:57:07","date_gmt":"2023-07-28T03:57:07","guid":{"rendered":"https:\/\/diarioregionaldigital.com.br\/?p=216590"},"modified":"2023-07-28T00:57:07","modified_gmt":"2023-07-28T03:57:07","slug":"esplanada-e-outros-25-bairros-sao-atendidos-pela-operacao-tapa-buracos-nesta-quinta-feira-27","status":"publish","type":"post","link":"https:\/\/diarioregionaldigital.com.br\/?p=216590","title":{"rendered":"Esplanada e outros 25 bairros s\u00e3o atendidos pela opera\u00e7\u00e3o tapa-buracos nesta quinta-feira, 27"},"content":{"rendered":"<p>Segundo informa\u00e7\u00f5es do site da Prefeitura de Juiz de Fora (PJF), as a\u00e7\u00f5es de zeladoria pela cidade n\u00e3o param.<strong>\u00a0<\/strong>A Prefeitura de Juiz de Fora (PJF)\u00a0atendeu cerca de 33 vias em 26 bairros nesta quinta-feira, 27.<\/p>\n<p>Entre as vias atendidas, destaque para as ruas Coronel Apr\u00edgio Ribeiro, Lu\u00eds Andr\u00e9 Hagen e Professor Valqu\u00edrio Seixas de Faria, no Esplanada. Al\u00e9m das recorrentes a\u00e7\u00f5es de zeladoria, o bairro est\u00e1 recebendo a 1\u00aa edi\u00e7\u00e3o do projeto \u201cColorindo o Habitar\u201d, para mais informa\u00e7\u00f5es acesse o<strong>\u00a0<\/strong><strong><a href=\"https:\/\/www.pjf.mg.gov.br\/noticias\/view.php?modo=link2&amp;idnoticia2=80594\">link<\/a><\/strong>.<\/p>\n<p><strong>Confira a lista completa de bairros atendidos:<\/strong><\/p>\n<p>Aeroporto<\/p>\n<p>Alto dos Passos<\/p>\n<p>Amaz\u00f4nia<\/p>\n<p>Arco \u00cdris<\/p>\n<p>Barreira do Triunfo<\/p>\n<p>Bela Aurora<\/p>\n<p>Benfica<\/p>\n<p>Bom Jardim<\/p>\n<p>Borboleta<\/p>\n<p>Carlos Chagas<\/p>\n<p>Esplanada<\/p>\n<p>Fontesville<\/p>\n<p>Graja\u00fa<\/p>\n<p>Jardim do Sol<\/p>\n<p>J\u00f3quei clube<\/p>\n<p>Linhares<\/p>\n<p>Miguel Marinho<\/p>\n<p>Monte Castelo<\/p>\n<p>Nova Era<\/p>\n<p>Parque das Torres<\/p>\n<p>Po\u00e7o Rico<\/p>\n<p>Retiro<\/p>\n<p>Sagrado Cora\u00e7\u00e3o<\/p>\n<p>Santa Teresa<\/p>\n<p>S\u00e3o Sebasti\u00e3o<\/p>\n<p>Vila Alpina<\/p>\n<p>As a\u00e7\u00f5es seguem em andamento na cidade, e a programa\u00e7\u00e3o di\u00e1ria completa pode ser conferida na p\u00e1gina do Gabinete de A\u00e7\u00e3o e Di\u00e1logo Comunit\u00e1rio atrav\u00e9s do<a href=\"https:\/\/www.pjf.mg.gov.br\/gabinetecomunitario\/#onde\">\u00a0link<\/a>. Para solicitar servi\u00e7os de zeladoria em vias p\u00fablicas, como tapa-buracos, poda e corte de \u00e1rvores, limpeza de pra\u00e7as e outros, entre em contato com o Gabinete de A\u00e7\u00e3o e Di\u00e1logo Comunit\u00e1rio, atrav\u00e9s do telefone (32) 3690-7241 (liga\u00e7\u00e3o ou WhatsApp).<\/p>\n","protected":false},"excerpt":{"rendered":"<p>Segundo informa\u00e7\u00f5es do site da Prefeitura de Juiz de Fora (PJF), as a\u00e7\u00f5es de zeladoria pela cidade n\u00e3o param.\u00a0A Prefeitura de Juiz de Fora (PJF)\u00a0atendeu cerca de 33 vias em 26 bairros nesta quinta-feira, 27. Entre as vias atendidas, destaque para as ruas Coronel Apr\u00edgio Ribeiro, Lu\u00eds Andr\u00e9 Hagen e Professor Valqu\u00edrio Seixas de Faria, [&hellip;]<\/p>\n","protected":false},"author":246,"featured_media":216591,"comment_status":"closed","ping_status":"closed","sticky":false,"template":"","format":"standard","meta":{"footnotes":""},"categories":[253,436,439],"tags":[],"class_list":["post-216590","post","type-post","status-publish","format-standard","has-post-thumbnail","hentry","category-cidade","category-destaque-da-semana","category-ultima-hora"],"_links":{"self":[{"href":"https:\/\/diarioregionaldigital.com.br\/index.php?rest_route=\/wp\/v2\/posts\/216590","targetHints":{"allow":["GET"]}}],"collection":[{"href":"https:\/\/diarioregionaldigital.com.br\/index.php?rest_route=\/wp\/v2\/posts"}],"about":[{"href":"https:\/\/diarioregionaldigital.com.br\/index.php?rest_route=\/wp\/v2\/types\/post"}],"author":[{"embeddable":true,"href":"https:\/\/diarioregionaldigital.com.br\/index.php?rest_route=\/wp\/v2\/users\/246"}],"replies":[{"embeddable":true,"href":"https:\/\/diarioregionaldigital.com.br\/index.php?rest_route=%2Fwp%2Fv2%2Fcomments&post=216590"}],"version-history":[{"count":1,"href":"https:\/\/diarioregionaldigital.com.br\/index.php?rest_route=\/wp\/v2\/posts\/216590\/revisions"}],"predecessor-version":[{"id":216592,"href":"https:\/\/diarioregionaldigital.com.br\/index.php?rest_route=\/wp\/v2\/posts\/216590\/revisions\/216592"}],"wp:featuredmedia":[{"embeddable":true,"href":"https:\/\/diarioregionaldigital.com.br\/index.php?rest_route=\/wp\/v2\/media\/216591"}],"wp:attachment":[{"href":"https:\/\/diarioregionaldigital.com.br\/index.php?rest_route=%2Fwp%2Fv2%2Fmedia&parent=216590"}],"wp:term":[{"taxonomy":"category","embeddable":true,"href":"https:\/\/diarioregionaldigital.com.br\/index.php?rest_route=%2Fwp%2Fv2%2Fcategories&post=216590"},{"taxonomy":"post_tag","embeddable":true,"href":"https:\/\/diarioregionaldigital.com.br\/index.php?rest_route=%2Fwp%2Fv2%2Ftags&post=216590"}],"curies":[{"name":"wp","href":"https:\/\/api.w.org\/{rel}","templated":true}]}}