{"id":216584,"date":"2023-07-28T00:54:34","date_gmt":"2023-07-28T03:54:34","guid":{"rendered":"https:\/\/diarioregionaldigital.com.br\/?p=216584"},"modified":"2023-07-28T00:54:34","modified_gmt":"2023-07-28T03:54:34","slug":"grupo-nzinga-celebra-o-mes-da-mulher-preta-na-praca-ceu-neste-sabado-29","status":"publish","type":"post","link":"https:\/\/diarioregionaldigital.com.br\/?p=216584","title":{"rendered":"Grupo Nzinga celebra o m\u00eas da mulher preta na Pra\u00e7a CEU neste s\u00e1bado, 29"},"content":{"rendered":"<p>Segundo informa\u00e7\u00f5es do site da Prefeitura de Juiz de Fora (PJF), no m\u00eas em que se celebra as mulheres negras-latinas e caribenhas,A Pra\u00e7a CEU (Centro de Artes e Esportes Unificados Coronel Adelmir Romualdo de Oliveira) recebe mais uma edi\u00e7\u00e3o do projeto de conta\u00e7\u00e3o de hist\u00f3rias africanas do grupo Nzinga neste s\u00e1bado, 29. A atividade acontece na sala de leitura, \u00e0s 15h, com entrada franca e aberta para todos os p\u00fablicos.<\/p>\n<p>Com a frase de Elza Soares, &#8220;Precisamos ser criadas para a liberdade, o mundo \u00e9 grande demais para n\u00e3o sermos quem a gente \u00e9&#8221;, a terceira edi\u00e7\u00e3o do projeto disponibiliza a oportunidade de participa\u00e7\u00e3o de poetas no sarau do Grupo Nzinga, em homenagem ao m\u00eas das Pretas.<\/p>\n<p>O grupo Nzinga \u00e9 formado por mulheres negras que pesquisam Nzinga Mbandi, rainha do reino de Matamba e personagem feminina da tradi\u00e7\u00e3o africana e afro-brasileira.<\/p>\n<p>Mantida pela Prefeitura de Juiz de Fora (PJF), a Pra\u00e7a CEU fica na Avenida JK,\u00a05.899, em Benfica, Zona Norte. O equipamento urbano \u00e9 gerido pela Funda\u00e7\u00e3o Cultural Alfredo Ferreira Lage (Funalfa), sendo os servi\u00e7os executados por meio de contrato de parceria com a Associa\u00e7\u00e3o Cultural Arte e Vida (Acav).<\/p>\n","protected":false},"excerpt":{"rendered":"<p>Segundo informa\u00e7\u00f5es do site da Prefeitura de Juiz de Fora (PJF), no m\u00eas em que se celebra as mulheres negras-latinas e caribenhas,A Pra\u00e7a CEU (Centro de Artes e Esportes Unificados Coronel Adelmir Romualdo de Oliveira) recebe mais uma edi\u00e7\u00e3o do projeto de conta\u00e7\u00e3o de hist\u00f3rias africanas do grupo Nzinga neste s\u00e1bado, 29. A atividade acontece [&hellip;]<\/p>\n","protected":false},"author":246,"featured_media":216585,"comment_status":"closed","ping_status":"closed","sticky":false,"template":"","format":"standard","meta":{"footnotes":""},"categories":[253,436,439],"tags":[],"class_list":["post-216584","post","type-post","status-publish","format-standard","has-post-thumbnail","hentry","category-cidade","category-destaque-da-semana","category-ultima-hora"],"_links":{"self":[{"href":"https:\/\/diarioregionaldigital.com.br\/index.php?rest_route=\/wp\/v2\/posts\/216584","targetHints":{"allow":["GET"]}}],"collection":[{"href":"https:\/\/diarioregionaldigital.com.br\/index.php?rest_route=\/wp\/v2\/posts"}],"about":[{"href":"https:\/\/diarioregionaldigital.com.br\/index.php?rest_route=\/wp\/v2\/types\/post"}],"author":[{"embeddable":true,"href":"https:\/\/diarioregionaldigital.com.br\/index.php?rest_route=\/wp\/v2\/users\/246"}],"replies":[{"embeddable":true,"href":"https:\/\/diarioregionaldigital.com.br\/index.php?rest_route=%2Fwp%2Fv2%2Fcomments&post=216584"}],"version-history":[{"count":1,"href":"https:\/\/diarioregionaldigital.com.br\/index.php?rest_route=\/wp\/v2\/posts\/216584\/revisions"}],"predecessor-version":[{"id":216586,"href":"https:\/\/diarioregionaldigital.com.br\/index.php?rest_route=\/wp\/v2\/posts\/216584\/revisions\/216586"}],"wp:featuredmedia":[{"embeddable":true,"href":"https:\/\/diarioregionaldigital.com.br\/index.php?rest_route=\/wp\/v2\/media\/216585"}],"wp:attachment":[{"href":"https:\/\/diarioregionaldigital.com.br\/index.php?rest_route=%2Fwp%2Fv2%2Fmedia&parent=216584"}],"wp:term":[{"taxonomy":"category","embeddable":true,"href":"https:\/\/diarioregionaldigital.com.br\/index.php?rest_route=%2Fwp%2Fv2%2Fcategories&post=216584"},{"taxonomy":"post_tag","embeddable":true,"href":"https:\/\/diarioregionaldigital.com.br\/index.php?rest_route=%2Fwp%2Fv2%2Ftags&post=216584"}],"curies":[{"name":"wp","href":"https:\/\/api.w.org\/{rel}","templated":true}]}}