{"id":216578,"date":"2023-07-28T00:48:01","date_gmt":"2023-07-28T03:48:01","guid":{"rendered":"https:\/\/diarioregionaldigital.com.br\/?p=216578"},"modified":"2023-07-28T00:48:01","modified_gmt":"2023-07-28T03:48:01","slug":"jogos-mundiais-universitarios-dia-4-expectativa-para-abertura-na-6a","status":"publish","type":"post","link":"https:\/\/diarioregionaldigital.com.br\/?p=216578","title":{"rendered":"Jogos Mundiais Universit\u00e1rios &#8211; Dia 4: expectativa para abertura na 6\u00aa"},"content":{"rendered":"<p>Um dia antes da abertura dos Jogos Mundiais Universit\u00e1rios de Ver\u00e3o, a delega\u00e7\u00e3o brasileira participou nesta quinta-feira (27)\u00a0 de outra cerim\u00f4nia, a do hasteamento da bandeira nacional. O evento, realizado em um audit\u00f3rio dentro da Vila dos Atletas, oficializou a presen\u00e7a do Brasil. O fato de ter sido em um local fechado at\u00e9 ajudou, j\u00e1 que choveu bastante em Chengdu durante todo o dia.\u00a0 A abertura da competi\u00e7\u00e3o ser\u00e1 \u00e0s 9h (hor\u00e1rio de Bras\u00edlia) e, a partir das 10h j\u00e1 tem estreia da sele\u00e7\u00e3o feminina de basquete contra a Rom\u00eania. Tanto a cerim\u00f4nia de abertura quanto as provas e partidas ter\u00e3o<a href=\"https:\/\/www.fisu.tv\/\"><strong>\u00a0transmiss\u00e3o ao vivo\u00a0<\/strong><\/a>na internet. &#8211; confirma\u00a0<strong><a href=\"https:\/\/www.fisu.net\/schedule\">aqui\u00a0<\/a><\/strong>o cronograma. Os Jogos Mundiais Universit\u00e1rios reunir\u00e3o 10 mil atletas de 150 pa\u00edses em 18 modalidades.<\/p>\n<p>Al\u00e9m do Brasil, Finl\u00e2ndia, Macau e Uruguai tamb\u00e9m participaram da cerim\u00f4nia. O chefe da delega\u00e7\u00e3o brasileiira, Alessandro Battiste, foi o respons\u00e1vel por representar o pais no palco. Mas ele n\u00e3o estava sozinho. No fim, os atletas e membros da delega\u00e7\u00e3o foram convidados para tirar fotos. A delega\u00e7\u00e3o brasileira est\u00e1 em Chengdu com 150 atletas em 11 das 18 modalidades do evento:\u00a0saltos ornamentais, badminton, t\u00eanis de mesa, taekwondo, kung fu (a arte marcial \u00e9 denominada de wushu na China), basquete, nata\u00e7\u00e3o, atletismo, jud\u00f4, t\u00eanis e voleibol.<\/p>\n<div class=\"dnd-widget-wrapper context-cheio_8colunas type-image\">\n<div class=\"dnd-atom-rendered\">\n<p>Quem tamb\u00e9m esteve presente foi o presidente da Confedera\u00e7\u00e3o Brasileira de Desporto Universit\u00e1rio (CBDU), Luciano Cabral. E ele conversou sobre as expectativas do Brasil nesta edi\u00e7\u00e3o ap\u00f3s os Jogos Mundiais Universit\u00e1rios terem sido adiados duas vezes.<\/p>\n<p>&#8220;Todos n\u00f3s est\u00e1vamos bastante ansiosos. Esse ciclo de quatro anos \u00e9 muito muim para o esporte universit\u00e1rio porque algumas gera\u00e7\u00f5es acabam perdendo a oportunidade de ter essa experi\u00eancia, mas felizmente estamos aqui, com uma grande delega\u00e7\u00e3o. Nossa meta \u00e9 ficar entre os 20, pode n\u00e3o parecer uma meta t\u00e3o importante, mas para quem conhece do esporte, \u00e9 uma meta ambiciosa porque aqui est\u00e3o, de fato, os melhores atletas do mundo. Quando voc\u00ea vir os p\u00f3dios individuais aqui, ser\u00e3o os p\u00f3dios de Paris ou foram os p\u00f3dios de T\u00f3quio&#8221;.<\/p>\n<p>Luciano Cabral reconheceu que o esporte universit\u00e1rio ainda n\u00e3o recebe reconhecimento necess\u00e1rio, mas v\u00ea um caminho sendo tra\u00e7ado para o futuro.<\/p>\n<p>&#8220;Infelizmente o Brasil ainda n\u00e3o conhece o esporte universit\u00e1rio. Ele tem o seu valor reconhecido na Europa, na \u00c1sia. A miss\u00e3o da CBDU \u00e9 reconhecer e valorizar o esporte dentro do ambiente educacional, de usar o esporte como plataforma para a transi\u00e7\u00e3o de carreira dos atletas de alto rendimento. \u00c9 um programa de desenvolvimento social. O Diogo Silva, por exemplo, \u00e9 fruto disso.\u00a0Ele esteve conosco em 2005, e foi campe\u00e3o em 2009, e agora \u00e9 assessor especial do Minist\u00e9rio dEsporte, ou seja, \u00e9 uma pessoa que pode prover esse sistema n\u00e3o apenas com recurso mas tamb\u00e9m com politicas que possam incrementar. \u00c9 um projeto de longo prazo para no futuro estes jovens\u00a0tamb\u00e9m apoiem o esporte universit\u00e1rio. Se o Brasil conseguir isso, a m\u00e9dio e longo prazo ser\u00e1, de fato, uma pot\u00eancia do esporte mundial&#8221;, finalizou.<\/p>\n<p><span style=\"font-weight: 400;\"><br \/>\n<\/span><span style=\"font-weight: 400;\">Fonte: Ag\u00eancia Brasil <\/span><\/p>\n<\/div>\n<\/div>\n","protected":false},"excerpt":{"rendered":"<p>Um dia antes da abertura dos Jogos Mundiais Universit\u00e1rios de Ver\u00e3o, a delega\u00e7\u00e3o brasileira participou nesta quinta-feira (27)\u00a0 de outra cerim\u00f4nia, a do hasteamento da bandeira nacional. O evento, realizado em um audit\u00f3rio dentro da Vila dos Atletas, oficializou a presen\u00e7a do Brasil. O fato de ter sido em um local fechado at\u00e9 ajudou, j\u00e1 [&hellip;]<\/p>\n","protected":false},"author":246,"featured_media":216579,"comment_status":"closed","ping_status":"closed","sticky":false,"template":"","format":"standard","meta":{"footnotes":""},"categories":[436,257,439],"tags":[],"class_list":["post-216578","post","type-post","status-publish","format-standard","has-post-thumbnail","hentry","category-destaque-da-semana","category-esporte","category-ultima-hora"],"_links":{"self":[{"href":"https:\/\/diarioregionaldigital.com.br\/index.php?rest_route=\/wp\/v2\/posts\/216578","targetHints":{"allow":["GET"]}}],"collection":[{"href":"https:\/\/diarioregionaldigital.com.br\/index.php?rest_route=\/wp\/v2\/posts"}],"about":[{"href":"https:\/\/diarioregionaldigital.com.br\/index.php?rest_route=\/wp\/v2\/types\/post"}],"author":[{"embeddable":true,"href":"https:\/\/diarioregionaldigital.com.br\/index.php?rest_route=\/wp\/v2\/users\/246"}],"replies":[{"embeddable":true,"href":"https:\/\/diarioregionaldigital.com.br\/index.php?rest_route=%2Fwp%2Fv2%2Fcomments&post=216578"}],"version-history":[{"count":1,"href":"https:\/\/diarioregionaldigital.com.br\/index.php?rest_route=\/wp\/v2\/posts\/216578\/revisions"}],"predecessor-version":[{"id":216580,"href":"https:\/\/diarioregionaldigital.com.br\/index.php?rest_route=\/wp\/v2\/posts\/216578\/revisions\/216580"}],"wp:featuredmedia":[{"embeddable":true,"href":"https:\/\/diarioregionaldigital.com.br\/index.php?rest_route=\/wp\/v2\/media\/216579"}],"wp:attachment":[{"href":"https:\/\/diarioregionaldigital.com.br\/index.php?rest_route=%2Fwp%2Fv2%2Fmedia&parent=216578"}],"wp:term":[{"taxonomy":"category","embeddable":true,"href":"https:\/\/diarioregionaldigital.com.br\/index.php?rest_route=%2Fwp%2Fv2%2Fcategories&post=216578"},{"taxonomy":"post_tag","embeddable":true,"href":"https:\/\/diarioregionaldigital.com.br\/index.php?rest_route=%2Fwp%2Fv2%2Ftags&post=216578"}],"curies":[{"name":"wp","href":"https:\/\/api.w.org\/{rel}","templated":true}]}}