{"id":216551,"date":"2023-07-28T00:18:56","date_gmt":"2023-07-28T03:18:56","guid":{"rendered":"https:\/\/diarioregionaldigital.com.br\/?p=216551"},"modified":"2023-07-28T00:18:56","modified_gmt":"2023-07-28T03:18:56","slug":"tebet-medidas-para-aumentar-arrecadacao-visam-deficit-fiscal-zero","status":"publish","type":"post","link":"https:\/\/diarioregionaldigital.com.br\/?p=216551","title":{"rendered":"Tebet: medidas para aumentar arrecada\u00e7\u00e3o visam d\u00e9ficit fiscal zero"},"content":{"rendered":"<p>Questionada nesta quinta-feira (27) se o governo pretende fazer cortes no or\u00e7amento para alcan\u00e7ar a meta fiscal zero de 2014, a ministra do Planejamento, Simone Tebet, respondeu que o Executivo tem \u201ccartas na manga\u201d para aumentar a arrecada\u00e7\u00e3o da Uni\u00e3o e, com isso, n\u00e3o precisar\u00a0fazer cortes or\u00e7ament\u00e1rios. \u201c\u00c9 desafiador, mas \u00e9 fact\u00edvel\u201d, afirmou.\u00a0\u00a0\u00a0\u00a0\u00a0\u00a0<img decoding=\"async\" src=\"https:\/\/agenciabrasil.ebc.com.br\/ebc.png?id=1545944&amp;o=node\" \/><img decoding=\"async\" src=\"https:\/\/agenciabrasil.ebc.com.br\/ebc.gif?id=1545944&amp;o=node\" \/><\/p>\n<p>O governo federal se comprometeu, a partir do projeto de Arcabou\u00e7o Fiscal em tramita\u00e7\u00e3o no Congresso Nacional, a alcan\u00e7ar\u00a0d\u00e9ficit fiscal zero em 2024. Como o governo estima um saldo negativo de R$ 145,4 bilh\u00f5es nas despesas prim\u00e1rias de 2023, h\u00e1 expectativa de que a equipe econ\u00f4mica precise adotar novas medidas para reduzir esse d\u00e9ficit a zero no pr\u00f3ximo ano. Os gastos prim\u00e1rios s\u00e3o aqueles que excluem as despesas com a d\u00edvida p\u00fablica.<\/p>\n<p>\u201cO ministro Haddad t\u00eam algumas cartas na manga do colete. Ele tem mais ou menos oito medidas que podem ser implementadas [para arrecadar recursos]. N\u00e3o vai necessariamente precisar mandar as oito, pode mandar quatro ou cinco que podem fechar essa conta\u201d, explicou Tebet.<\/p>\n<p>As medidas para aumentar a arrecada\u00e7\u00e3o, segundo Tebet, devem ser enviadas at\u00e9 o dia 31 de agosto, data limite para o Executivo enviar o Projeto de Lei Or\u00e7ament\u00e1ria Anual (PLOA) ao Congresso Nacional.<\/p>\n<p>A ministra do Planejamento acrescentou que, caso alguma das medidas, por algum motivo, trave no Parlamento, o governo pode trocar por novas medidas. \u201cSe uma ou outra n\u00e3o tiver condi\u00e7\u00f5es de avan\u00e7ar obviamente se troca\u201d, completou.<\/p>\n<h2>Arcabou\u00e7o<\/h2>\n<p>Simone Tebet disse ainda que vai se reunir na pr\u00f3xima semana com o relator do projeto do Arcabou\u00e7o Fiscal na C\u00e2mara, o deputado Claudio Cajado (PP-BA), para discutir a tramita\u00e7\u00e3o do texto, previsto para ser votado no retorno do recesso parlamentar. A ministra vai defender a aprova\u00e7\u00e3o de uma emenda capaz de garantir a antecipa\u00e7\u00e3o de R$ 30 bilh\u00f5es a R$ 32 bilh\u00f5es para o or\u00e7amento de 2024, \u201csob pena de o or\u00e7amento ter que ser alterado at\u00e9 o final do agosto\u00a0(de 2024)\u201d.<\/p>\n<p>A emenda sugerida por Tebet altera o per\u00edodo do c\u00e1lculo para corre\u00e7\u00e3o dos gastos p\u00fablicos com base no \u00cdndice de Pre\u00e7os ao Consumidor Amplo (IPCA). Segundo ela, \u201cesse or\u00e7amento (de 2024) est\u00e1 condicionado \u00e0 aprova\u00e7\u00e3o da emenda\u201d.<\/p>\n<p><span style=\"font-weight: 400;\">Fonte: Ag\u00eancia Brasil <\/span><\/p>\n","protected":false},"excerpt":{"rendered":"<p>Questionada nesta quinta-feira (27) se o governo pretende fazer cortes no or\u00e7amento para alcan\u00e7ar a meta fiscal zero de 2014, a ministra do Planejamento, Simone Tebet, respondeu que o Executivo tem \u201ccartas na manga\u201d para aumentar a arrecada\u00e7\u00e3o da Uni\u00e3o e, com isso, n\u00e3o precisar\u00a0fazer cortes or\u00e7ament\u00e1rios. \u201c\u00c9 desafiador, mas \u00e9 fact\u00edvel\u201d, afirmou.\u00a0\u00a0\u00a0\u00a0\u00a0\u00a0 O governo [&hellip;]<\/p>\n","protected":false},"author":246,"featured_media":216552,"comment_status":"closed","ping_status":"closed","sticky":false,"template":"","format":"standard","meta":{"footnotes":""},"categories":[436,261,439],"tags":[],"class_list":["post-216551","post","type-post","status-publish","format-standard","has-post-thumbnail","hentry","category-destaque-da-semana","category-economia","category-ultima-hora"],"_links":{"self":[{"href":"https:\/\/diarioregionaldigital.com.br\/index.php?rest_route=\/wp\/v2\/posts\/216551","targetHints":{"allow":["GET"]}}],"collection":[{"href":"https:\/\/diarioregionaldigital.com.br\/index.php?rest_route=\/wp\/v2\/posts"}],"about":[{"href":"https:\/\/diarioregionaldigital.com.br\/index.php?rest_route=\/wp\/v2\/types\/post"}],"author":[{"embeddable":true,"href":"https:\/\/diarioregionaldigital.com.br\/index.php?rest_route=\/wp\/v2\/users\/246"}],"replies":[{"embeddable":true,"href":"https:\/\/diarioregionaldigital.com.br\/index.php?rest_route=%2Fwp%2Fv2%2Fcomments&post=216551"}],"version-history":[{"count":1,"href":"https:\/\/diarioregionaldigital.com.br\/index.php?rest_route=\/wp\/v2\/posts\/216551\/revisions"}],"predecessor-version":[{"id":216553,"href":"https:\/\/diarioregionaldigital.com.br\/index.php?rest_route=\/wp\/v2\/posts\/216551\/revisions\/216553"}],"wp:featuredmedia":[{"embeddable":true,"href":"https:\/\/diarioregionaldigital.com.br\/index.php?rest_route=\/wp\/v2\/media\/216552"}],"wp:attachment":[{"href":"https:\/\/diarioregionaldigital.com.br\/index.php?rest_route=%2Fwp%2Fv2%2Fmedia&parent=216551"}],"wp:term":[{"taxonomy":"category","embeddable":true,"href":"https:\/\/diarioregionaldigital.com.br\/index.php?rest_route=%2Fwp%2Fv2%2Fcategories&post=216551"},{"taxonomy":"post_tag","embeddable":true,"href":"https:\/\/diarioregionaldigital.com.br\/index.php?rest_route=%2Fwp%2Fv2%2Ftags&post=216551"}],"curies":[{"name":"wp","href":"https:\/\/api.w.org\/{rel}","templated":true}]}}