{"id":216548,"date":"2023-07-28T00:12:54","date_gmt":"2023-07-28T03:12:54","guid":{"rendered":"https:\/\/diarioregionaldigital.com.br\/?p=216548"},"modified":"2023-07-28T00:12:54","modified_gmt":"2023-07-28T03:12:54","slug":"minas-gerais-exporta-primeiro-lote-de-litio-verde-do-pais","status":"publish","type":"post","link":"https:\/\/diarioregionaldigital.com.br\/?p=216548","title":{"rendered":"Minas Gerais exporta primeiro lote de \u201cl\u00edtio verde\u201d do pa\u00eds"},"content":{"rendered":"<p>O vice-presidente e ministro do Desenvolvimento, Ind\u00fastria, Com\u00e9rcio e Servi\u00e7os, Geraldo Alckmin, acompanhou, nesta quinta-feira (27), o embarque para exporta\u00e7\u00e3o do primeiro lote de \u201cl\u00edtio verde\u201d, extra\u00eddo no Vale do Jequitinhonha, na regi\u00e3o nordeste de Minas Gerais. O evento ocorreu no porto de Vit\u00f3ria.<img decoding=\"async\" src=\"https:\/\/agenciabrasil.ebc.com.br\/ebc.png?id=1545904&amp;o=node\" \/><img decoding=\"async\" src=\"https:\/\/agenciabrasil.ebc.com.br\/ebc.gif?id=1545904&amp;o=node\" \/><\/p>\n<p>O mineral \u00e9 essencial para produ\u00e7\u00e3o de baterias, ligas met\u00e1licas, dispositivos m\u00e9dicos e produ\u00e7\u00e3o de f\u00e1rmacos, entre outras aplica\u00e7\u00f5es. O destaque \u00e9 para a fabrica\u00e7\u00e3o de baterias de longa dura\u00e7\u00e3o que equipam ve\u00edculos el\u00e9tricos, ind\u00fastria que vem sendo impulsionada pela transi\u00e7\u00e3o energ\u00e9tica.<\/p>\n<p>A remessa enviada nesta quinta-feira para a empresa chinesa Yahua re\u00fane 15 mil toneladas de l\u00edtio de alta pureza e 15 mil toneladas de rejeitos ultrafinos. At\u00e9 o final do ano, a estimativa de exporta\u00e7\u00e3o \u00e9 de cerca de 130 mil toneladas.<\/p>\n<p>O insumo tecnol\u00f3gico pr\u00e9-qu\u00edmico de l\u00edtio foi produzido pela empresa brasileira Sigma Lithium e foi batizado de \u201cl\u00edtio verde\u201d pois a planta de explora\u00e7\u00e3o do material n\u00e3o possui barragem de rejeitos. Al\u00e9m disso, a empresa recicla a \u00e1gua utilizada na etapa de purifica\u00e7\u00e3o do l\u00edtio, que n\u00e3o envolve agentes qu\u00edmicos. Os rejeitos s\u00e3o empilhados a seco e tamb\u00e9m s\u00e3o comercializados para a recupera\u00e7\u00e3o dos minerais residuais.<\/p>\n<p>A opera\u00e7\u00e3o \u00e9 considerada estrat\u00e9gica para toda a cadeia de insumos de transi\u00e7\u00e3o energ\u00e9tica, de fontes sustent\u00e1veis, al\u00e9m de aumentar o valor agregado do produto. Em maio, o Minist\u00e9rio de Minas e Energia (MME) e o governo de Minas Gerais anunciaram o lan\u00e7amento do projeto Vale do L\u00edtio, em Nova York, com o objetivo de atrair investimentos internacionais na regi\u00e3o.<\/p>\n<p>Al\u00e9m da brasileira Sigma Lithium, outras empresas estrangeiras j\u00e1 est\u00e3o se instalando no nordeste de Minas Gerais.<\/p>\n<p>De acordo com o MME, o Brasil est\u00e1 entre os pa\u00edses com maior potencial de extra\u00e7\u00e3o de l\u00edtio do mundo, assim como o Chile, Argentina, Estados Unidos, Canad\u00e1 e Austr\u00e1lia. \u201cO l\u00edtio do Brasil, no entanto, oferece diferenciais competitivos que otimizam os investimentos. Ao contr\u00e1rio da maioria dos outros pa\u00edses, o l\u00edtio encontrado em Minas Gerais \u00e9 de alta pureza, facilitando seu uso na fabrica\u00e7\u00e3o de baterias mais potentes\u201d, explicou a pasta.<\/p>\n<p>A regi\u00e3o do Vale do L\u00edtio compreende os munic\u00edpios de Ara\u00e7ua\u00ed, Capelinha, Coronel Murta, Itaobim, Itinga, Malacacheta, Medina, Minas Novas, Pedra Azul e Virgem da Lapa.<\/p>\n<p>Segundo o MME, esses munic\u00edpios abrigam a maior reserva brasileira de l\u00edtio, compreendendo cerca de 45 dep\u00f3sitos, segundo estudos realizados pelo Servi\u00e7o Geol\u00f3gico do Brasil. O \u00f3rg\u00e3o tamb\u00e9m indica que o potencial de cada dep\u00f3sito compreende 20 vezes mais que as reservas minerais de outras regi\u00f5es, garantindo mat\u00e9ria-prima a longo prazo.<\/p>\n<p><span style=\"font-weight: 400;\">Fonte: Ag\u00eancia Brasil <\/span><\/p>\n","protected":false},"excerpt":{"rendered":"<p>O vice-presidente e ministro do Desenvolvimento, Ind\u00fastria, Com\u00e9rcio e Servi\u00e7os, Geraldo Alckmin, acompanhou, nesta quinta-feira (27), o embarque para exporta\u00e7\u00e3o do primeiro lote de \u201cl\u00edtio verde\u201d, extra\u00eddo no Vale do Jequitinhonha, na regi\u00e3o nordeste de Minas Gerais. O evento ocorreu no porto de Vit\u00f3ria. O mineral \u00e9 essencial para produ\u00e7\u00e3o de baterias, ligas met\u00e1licas, dispositivos [&hellip;]<\/p>\n","protected":false},"author":246,"featured_media":216549,"comment_status":"closed","ping_status":"closed","sticky":false,"template":"","format":"standard","meta":{"footnotes":""},"categories":[436,261,439],"tags":[],"class_list":["post-216548","post","type-post","status-publish","format-standard","has-post-thumbnail","hentry","category-destaque-da-semana","category-economia","category-ultima-hora"],"_links":{"self":[{"href":"https:\/\/diarioregionaldigital.com.br\/index.php?rest_route=\/wp\/v2\/posts\/216548","targetHints":{"allow":["GET"]}}],"collection":[{"href":"https:\/\/diarioregionaldigital.com.br\/index.php?rest_route=\/wp\/v2\/posts"}],"about":[{"href":"https:\/\/diarioregionaldigital.com.br\/index.php?rest_route=\/wp\/v2\/types\/post"}],"author":[{"embeddable":true,"href":"https:\/\/diarioregionaldigital.com.br\/index.php?rest_route=\/wp\/v2\/users\/246"}],"replies":[{"embeddable":true,"href":"https:\/\/diarioregionaldigital.com.br\/index.php?rest_route=%2Fwp%2Fv2%2Fcomments&post=216548"}],"version-history":[{"count":1,"href":"https:\/\/diarioregionaldigital.com.br\/index.php?rest_route=\/wp\/v2\/posts\/216548\/revisions"}],"predecessor-version":[{"id":216550,"href":"https:\/\/diarioregionaldigital.com.br\/index.php?rest_route=\/wp\/v2\/posts\/216548\/revisions\/216550"}],"wp:featuredmedia":[{"embeddable":true,"href":"https:\/\/diarioregionaldigital.com.br\/index.php?rest_route=\/wp\/v2\/media\/216549"}],"wp:attachment":[{"href":"https:\/\/diarioregionaldigital.com.br\/index.php?rest_route=%2Fwp%2Fv2%2Fmedia&parent=216548"}],"wp:term":[{"taxonomy":"category","embeddable":true,"href":"https:\/\/diarioregionaldigital.com.br\/index.php?rest_route=%2Fwp%2Fv2%2Fcategories&post=216548"},{"taxonomy":"post_tag","embeddable":true,"href":"https:\/\/diarioregionaldigital.com.br\/index.php?rest_route=%2Fwp%2Fv2%2Ftags&post=216548"}],"curies":[{"name":"wp","href":"https:\/\/api.w.org\/{rel}","templated":true}]}}