{"id":216545,"date":"2023-07-28T00:07:48","date_gmt":"2023-07-28T03:07:48","guid":{"rendered":"https:\/\/diarioregionaldigital.com.br\/?p=216545"},"modified":"2023-07-28T00:07:48","modified_gmt":"2023-07-28T03:07:48","slug":"governo-central-registra-maior-deficit-para-junho-em-dois-anos","status":"publish","type":"post","link":"https:\/\/diarioregionaldigital.com.br\/?p=216545","title":{"rendered":"Governo Central registra maior d\u00e9ficit para junho em dois anos"},"content":{"rendered":"<p>Sem as receitas da concess\u00e3o da Eletrobras e de dividendos do Banco Nacional de Desenvolvimento Econ\u00f4mico e Social (BNDES), o Governo Central \u2013 Tesouro Nacional, Previd\u00eancia Social e Banco Central \u2013 registrou o maior d\u00e9ficit prim\u00e1rio para meses de junho em dois anos. No m\u00eas passado, o resultado ficou negativo em R$ 45,223 bilh\u00f5es, contra super\u00e1vit de R$ 14,588 bilh\u00f5es obtido em junho de 2022.<img decoding=\"async\" src=\"https:\/\/agenciabrasil.ebc.com.br\/ebc.png?id=1545975&amp;o=node\" \/><img decoding=\"async\" src=\"https:\/\/agenciabrasil.ebc.com.br\/ebc.gif?id=1545975&amp;o=node\" \/><\/p>\n<p>Tanto em valores nominais como reais (corrigidos pela infla\u00e7\u00e3o), o resultado de junho foi o pior para o m\u00eas desde junho de 2021, quando houve d\u00e9ficit prim\u00e1rio de R$ 73,474 bilh\u00f5es ap\u00f3s o in\u00edcio da pandemia de covid-19.<\/p>\n<p>O resultado veio pior do que o esperado pelas institui\u00e7\u00f5es financeiras. Segundo a pesquisa Prisma Fiscal, divulgada todos os meses pelo Minist\u00e9rio da Economia, os analistas de mercado esperavam resultado negativo de R$ 34,1 bilh\u00f5es em junho.<\/p>\n<p>Com o resultado de junho, o Governo Central acumula d\u00e9ficit prim\u00e1rio de R$ 42,509 bilh\u00f5es no primeiro semestre de 2023. Em<a href=\"https:\/\/agenciabrasil.ebc.com.br\/economia\/noticia\/2023-02\/governo-central-tem-segundo-maior-superavit-para-meses-de-janeiro\" target=\"_blank\" rel=\"noopener\">\u00a0janeiro, havia sido registrado super\u00e1vit de R$ 78,326 bilh\u00f5es<\/a>, mas os resultados negativos dos meses seguintes reverteram a conta.<\/p>\n<p>Em valores nominais, esse \u00e9 o quarto maior d\u00e9ficit acumulado, s\u00f3 perdendo para o primeiro semestre de 2021 (-R$ 53,57 bilh\u00f5es), de 2017 (-R$ 56,48 bilh\u00f5es) e de 2020, quando o resultado negativo atingiu o recorde de R$ 194,853 bilh\u00f5es por causa do in\u00edcio da pandemia de covid-19.<\/p>\n<p>O resultado prim\u00e1rio representa a diferen\u00e7a entre as receitas e os gastos, desconsiderando o pagamento dos juros da d\u00edvida p\u00fablica. A Lei de Diretrizes Or\u00e7ament\u00e1rias (LDO) deste ano estabelece meta de d\u00e9ficit prim\u00e1rio de R$ 231,5 bilh\u00f5es para o Governo Central (Tesouro Nacional, Previd\u00eancia Social e Banco Central), mas mecanismos de compensa\u00e7\u00e3o entre a Uni\u00e3o e as estatais e entre a Uni\u00e3o e os estados permitem que a meta chegue a R$ 238 bilh\u00f5es.<\/p>\n<p>Em janeiro, o ministro da Fazenda, Fernando Haddad,\u00a0<a href=\"https:\/\/agenciabrasil.ebc.com.br\/economia\/noticia\/2023-01\/haddad-anuncia-pacote-de-r-2427-bi-para-melhorar-contas-publicas\" target=\"_blank\" rel=\"noopener\">anunciou um pacote<\/a>\u00a0que pretende aumentar a arrecada\u00e7\u00e3o e revisar gastos para melhorar as contas p\u00fablicas e diminuir o d\u00e9ficit para cerca de R$ 100 bilh\u00f5es em 2023.\u00a0Na semana passada, os minist\u00e9rios da Fazenda e do Planejamento\u00a0<a href=\"https:\/\/agenciabrasil.ebc.com.br\/economia\/noticia\/2023-07\/governo-indica-bloqueio-de-r-15-bilhao-do-orcamento-de-2023\" target=\"_blank\" rel=\"noopener\">informaram que a previs\u00e3o oficial\u00a0<\/a>de d\u00e9ficit prim\u00e1rio est\u00e1 em R$ 145,4 bilh\u00f5es para este ano.<\/p>\n<h2>Receitas<\/h2>\n<p>Sem uma s\u00e9rie de recursos extraordin\u00e1rios que entraram no caixa no ano passado, mas n\u00e3o se repetiram neste ano, as receitas despencaram em junho. No \u00faltimo m\u00eas, as receitas l\u00edquidas ca\u00edram 23,8% em rela\u00e7\u00e3o a junho do ano passado em valores nominais. Descontada a infla\u00e7\u00e3o pelo \u00cdndice Nacional de Pre\u00e7os ao Consumidor Amplo (IPCA), h\u00e1 queda de 26,1%. No mesmo per\u00edodo, as despesas totais subiram 8,2% em valores nominais e 4,9% ap\u00f3s descontar a infla\u00e7\u00e3o.<\/p>\n<p>Os principais motivos para a queda nas receitas foi o pagamento de R$ 27,5 bilh\u00f5es da concess\u00e3o de usinas hidrel\u00e9tricas pertencentes \u00e0 Eletrobras, privatizada em junho do ano passado. Al\u00e9m disso, o BNDES pagou R$ 19,5 bilh\u00f5es em dividendos \u00e0 Uni\u00e3o no mesmo m\u00eas, enquanto em junho deste ano nenhum dividendo foi pago.<\/p>\n<p>Se considerar apenas as receitas administradas (relativas ao pagamento de tributos), houve queda de 4,9% em junho na compara\u00e7\u00e3o com o mesmo m\u00eas do ano passado, j\u00e1 descontada a infla\u00e7\u00e3o. As maiores redu\u00e7\u00f5es ocorreram no Imposto de Renda Pessoa Jur\u00eddica (-R$ 19,5 bilh\u00f5es) e na Contribui\u00e7\u00e3o Social sobre o Lucro L\u00edquido (-R$ 2,5 bilh\u00f5es), por causa do pagamento extraordin\u00e1rio de tributos sobre o lucro de empresas no ano passado que n\u00e3o se repetiu este ano.<\/p>\n<p>Com a forte alta dos combust\u00edveis ap\u00f3s o in\u00edcio da guerra entre R\u00fassia e Ucr\u00e2nia, no ano passado, a gasolina aproximou-se de R$ 8, o que elevou temporariamente o lucro de empresas ligadas ao setor de petr\u00f3leo. Como os pre\u00e7os est\u00e3o caindo neste ano, os ganhos est\u00e3o menores, o que acarreta menos pagamento de Imposto de Renda e Contribui\u00e7\u00e3o Social sobre o Lucro L\u00edquido.<\/p>\n<p>Com as recentes quedas do petr\u00f3leo no mercado internacional, as receitas com\u00a0<em>royalties<\/em>\u00a0ca\u00edram R$ 1,23 bilh\u00e3o (-18,6%) no m\u00eas passado na compara\u00e7\u00e3o com junho de 2022, descontada a infla\u00e7\u00e3o. Atualmente, a cota\u00e7\u00e3o do barril internacional est\u00e1 em torno de US$ 83 ap\u00f3s ter chegado a US$ 120 no meio do ano passado, por causa da guerra entre R\u00fassia e Ucr\u00e2nia.<\/p>\n<h2>Despesas<\/h2>\n<p>Turbinados pelo novo Bolsa Fam\u00edlia, os gastos com programas sociais subiram R$ 8,2 bilh\u00f5es acima da infla\u00e7\u00e3o em junho na compara\u00e7\u00e3o com o mesmo m\u00eas do ano passado. Por causa do pagamento do d\u00e9cimo terceiro a aposentados e pensionistas, que voltou ao calend\u00e1rio tradicional neste ano, os gastos com a Previd\u00eancia Social subiram R$ 11,57 bilh\u00f5es a mais que o IPCA.<\/p>\n<p>Essas altas foram compensadas com a queda de R$ 8,9 bilh\u00f5es em gastos discricion\u00e1rios (n\u00e3o obrigat\u00f3rios), por causa do fim de despesas\u00a0com a sa\u00fade relacionadas ao arrefecimento da pandemia de covid-19. Al\u00e9m disso, houve redu\u00e7\u00e3o de R$ 7 bilh\u00f5es em gastos com senten\u00e7as judiciais e precat\u00f3rios, porque os gastos se concentraram em maio neste ano. No ano passado, essas despesas tiveram pico em junho.<\/p>\n<p>Os gastos com o funcionalismo federal subiram 1% de janeiro a junho descontada a infla\u00e7\u00e3o. A alta reflete o in\u00edcio de aumento de 9% para os servidores do Poder Executivo Federal,\u00a0<a href=\"https:\/\/agenciabrasil.ebc.com.br\/politica\/noticia\/2023-04\/congresso-aprova-reajuste-para-servidores-e-piso-da-enfermagem\" target=\"_blank\" rel=\"noopener\">aprovado no fim de abril pelo Congresso<\/a>.<\/p>\n<p>Em rela\u00e7\u00e3o aos investimentos (obras p\u00fablicas e compra de equipamentos), o governo federal investiu R$ 22,3 bilh\u00f5es nos seis primeiros meses do ano. O valor representa alta de 9,4% acima do IPCA em rela\u00e7\u00e3o ao mesmo per\u00edodo de 2022. Nos \u00faltimos meses, essa despesa tinha ca\u00eddo descontada a infla\u00e7\u00e3o, mas o Tesouro atribui o recuo ao ritmo vari\u00e1vel no fluxo de obras p\u00fablicas.<\/p>\n<p><span style=\"font-weight: 400;\">Fonte: Ag\u00eancia Brasil <\/span><\/p>\n","protected":false},"excerpt":{"rendered":"<p>Sem as receitas da concess\u00e3o da Eletrobras e de dividendos do Banco Nacional de Desenvolvimento Econ\u00f4mico e Social (BNDES), o Governo Central \u2013 Tesouro Nacional, Previd\u00eancia Social e Banco Central \u2013 registrou o maior d\u00e9ficit prim\u00e1rio para meses de junho em dois anos. No m\u00eas passado, o resultado ficou negativo em R$ 45,223 bilh\u00f5es, contra [&hellip;]<\/p>\n","protected":false},"author":246,"featured_media":216546,"comment_status":"closed","ping_status":"closed","sticky":false,"template":"","format":"standard","meta":{"footnotes":""},"categories":[436,440,261,439],"tags":[],"class_list":["post-216545","post","type-post","status-publish","format-standard","has-post-thumbnail","hentry","category-destaque-da-semana","category-destaques-do-dia","category-economia","category-ultima-hora"],"_links":{"self":[{"href":"https:\/\/diarioregionaldigital.com.br\/index.php?rest_route=\/wp\/v2\/posts\/216545","targetHints":{"allow":["GET"]}}],"collection":[{"href":"https:\/\/diarioregionaldigital.com.br\/index.php?rest_route=\/wp\/v2\/posts"}],"about":[{"href":"https:\/\/diarioregionaldigital.com.br\/index.php?rest_route=\/wp\/v2\/types\/post"}],"author":[{"embeddable":true,"href":"https:\/\/diarioregionaldigital.com.br\/index.php?rest_route=\/wp\/v2\/users\/246"}],"replies":[{"embeddable":true,"href":"https:\/\/diarioregionaldigital.com.br\/index.php?rest_route=%2Fwp%2Fv2%2Fcomments&post=216545"}],"version-history":[{"count":1,"href":"https:\/\/diarioregionaldigital.com.br\/index.php?rest_route=\/wp\/v2\/posts\/216545\/revisions"}],"predecessor-version":[{"id":216547,"href":"https:\/\/diarioregionaldigital.com.br\/index.php?rest_route=\/wp\/v2\/posts\/216545\/revisions\/216547"}],"wp:featuredmedia":[{"embeddable":true,"href":"https:\/\/diarioregionaldigital.com.br\/index.php?rest_route=\/wp\/v2\/media\/216546"}],"wp:attachment":[{"href":"https:\/\/diarioregionaldigital.com.br\/index.php?rest_route=%2Fwp%2Fv2%2Fmedia&parent=216545"}],"wp:term":[{"taxonomy":"category","embeddable":true,"href":"https:\/\/diarioregionaldigital.com.br\/index.php?rest_route=%2Fwp%2Fv2%2Fcategories&post=216545"},{"taxonomy":"post_tag","embeddable":true,"href":"https:\/\/diarioregionaldigital.com.br\/index.php?rest_route=%2Fwp%2Fv2%2Ftags&post=216545"}],"curies":[{"name":"wp","href":"https:\/\/api.w.org\/{rel}","templated":true}]}}