{"id":216542,"date":"2023-07-27T05:37:48","date_gmt":"2023-07-27T08:37:48","guid":{"rendered":"https:\/\/diarioregionaldigital.com.br\/?p=216542"},"modified":"2023-07-27T05:37:48","modified_gmt":"2023-07-27T08:37:48","slug":"palavras-comovem-testemunhos-arrastam-27-07-2023","status":"publish","type":"post","link":"https:\/\/diarioregionaldigital.com.br\/?p=216542","title":{"rendered":"Palavras Comovem Testemunhos Arrastam &#8211; 27\/07\/2023"},"content":{"rendered":"<p>Meu caro leitor \u00e9 com alegria que novamente estamos chegando at\u00e9 voc\u00ea para mais uma edi\u00e7\u00e3o de palavras comovem mas testemunhos arrastam. Bem sei de sua expectativa para ler os testemunhos aqui apresentados. Hoje teremos dois belos testemunhos para apresentar a voc\u00eas. Vamos ao primeiro: [10\/7 12:33] testemunho dia 26 de julho 2023: Padre Erelis<\/p>\n<p>[10\/7 12:34] testemunho dia 26 de julho 2023: Boa tarde<\/p>\n<p>[10\/7 12:36] testemunho dia 26 de julho 2023: Pe\u00e7o ao senhor que me ajude em ora\u00e7\u00e3o, pois fiz uma cirurgia dia 20 de junho correu tudo bem gra\u00e7as \u00e0 Deus. Por\u00e9m rompeu um ponto e desde ent\u00e3o est\u00e1 vazando. Preciso obter a gra\u00e7a de uma cicatriza\u00e7\u00e3o.<\/p>\n<p>[11\/7 21:00] testemunho dia 26 de julho2023: Padre Erelis, estou muito agradecida pelas suas ora\u00e7\u00f5es. Todas as vezes que pedi que me ajudasse em ora\u00e7\u00e3o o Senhor prontamente me atendeu, at\u00e9 ontem estava com um ponto vazando muito, hoje para honra e gl\u00f3ria de nosso Senhor Jesus Cristo parou. S\u00f3 gratid\u00e3o pelas suas ora\u00e7\u00f5es. Que Deus aben\u00e7oe muito o Senhor. Vamos agora para o segundo testemunho<\/p>\n<p>[11\/7 21:03] testemunho dia 26 de julho 2023:\u00a0 H\u00e1 3 meses atr\u00e1s eu pedi para o senhor ora\u00e7\u00f5es para meu marido que a mais de trinta anos sofreu com depress\u00e3o, chegava at\u00e9 a pensar com a pr\u00f3pria vida. Desde de que o senhor fez ora\u00e7\u00f5es pra ele posso te dizer que meu marido curou, hoje ele \u00e9 um outro homem<\/p>\n<p>[11\/7 21:06] testemunho dia 26 de julho 2023: Ele chegou a se revoltar com Deus, afastou da igreja. Hoje ele \u00e9 um homem de muita f\u00e9. Gratid\u00e3o sempre<\/p>\n<p>Vejam como Deus age na vida das pessoas.<\/p>\n<p>Convido voc\u00ea para participar da missa de S\u00e3o Judas Tadeu das causas imposs\u00edveis clamando a miseric\u00f3rdia de Jesus por sa\u00fade e liberta\u00e7\u00e3o toda quarta feira a partir da \u00faltima quarta feira de janeiro \u00e0s 19 e 30 na Rodovi\u00e1ria ao lado da imagem de nossa senhora rosa m\u00edstica e do ter\u00e7o todos os dias \u00e0s 12; 15h; \u00e0s 20e30h; \u00e0s 22h pelo Youtube e Facebook do santu\u00e1rio virtual S\u00e3o Judas Tadeu.svsaojudastadeu.com; \u00e0s 06h ; \u00e0s 10 e 23h pelo WhatsApp; Deixo o n\u00famero do meu celular para me ligarem quando precisar de uma ora\u00e7\u00e3o 988652609 se eu n\u00e3o atender na hora eu retornarei assim que eu ver a liga\u00e7\u00e3o.<\/p>\n","protected":false},"excerpt":{"rendered":"<p>Meu caro leitor \u00e9 com alegria que novamente estamos chegando at\u00e9 voc\u00ea para mais uma edi\u00e7\u00e3o de palavras comovem mas testemunhos arrastam. Bem sei de sua expectativa para ler os testemunhos aqui apresentados. Hoje teremos dois belos testemunhos para apresentar a voc\u00eas. Vamos ao primeiro: [10\/7 12:33] testemunho dia 26 de julho 2023: Padre Erelis [&hellip;]<\/p>\n","protected":false},"author":96,"featured_media":0,"comment_status":"closed","ping_status":"closed","sticky":false,"template":"","format":"standard","meta":{"footnotes":""},"categories":[1245],"tags":[],"class_list":["post-216542","post","type-post","status-publish","format-standard","hentry","category-padre-erelis"],"_links":{"self":[{"href":"https:\/\/diarioregionaldigital.com.br\/index.php?rest_route=\/wp\/v2\/posts\/216542","targetHints":{"allow":["GET"]}}],"collection":[{"href":"https:\/\/diarioregionaldigital.com.br\/index.php?rest_route=\/wp\/v2\/posts"}],"about":[{"href":"https:\/\/diarioregionaldigital.com.br\/index.php?rest_route=\/wp\/v2\/types\/post"}],"author":[{"embeddable":true,"href":"https:\/\/diarioregionaldigital.com.br\/index.php?rest_route=\/wp\/v2\/users\/96"}],"replies":[{"embeddable":true,"href":"https:\/\/diarioregionaldigital.com.br\/index.php?rest_route=%2Fwp%2Fv2%2Fcomments&post=216542"}],"version-history":[{"count":1,"href":"https:\/\/diarioregionaldigital.com.br\/index.php?rest_route=\/wp\/v2\/posts\/216542\/revisions"}],"predecessor-version":[{"id":216543,"href":"https:\/\/diarioregionaldigital.com.br\/index.php?rest_route=\/wp\/v2\/posts\/216542\/revisions\/216543"}],"wp:attachment":[{"href":"https:\/\/diarioregionaldigital.com.br\/index.php?rest_route=%2Fwp%2Fv2%2Fmedia&parent=216542"}],"wp:term":[{"taxonomy":"category","embeddable":true,"href":"https:\/\/diarioregionaldigital.com.br\/index.php?rest_route=%2Fwp%2Fv2%2Fcategories&post=216542"},{"taxonomy":"post_tag","embeddable":true,"href":"https:\/\/diarioregionaldigital.com.br\/index.php?rest_route=%2Fwp%2Fv2%2Ftags&post=216542"}],"curies":[{"name":"wp","href":"https:\/\/api.w.org\/{rel}","templated":true}]}}