{"id":216535,"date":"2023-07-27T00:35:16","date_gmt":"2023-07-27T03:35:16","guid":{"rendered":"https:\/\/diarioregionaldigital.com.br\/?p=216535"},"modified":"2023-07-27T00:35:16","modified_gmt":"2023-07-27T03:35:16","slug":"juiz-de-fora-sediara-a-8a-feira-de-fotografia","status":"publish","type":"post","link":"https:\/\/diarioregionaldigital.com.br\/?p=216535","title":{"rendered":"Juiz de Fora sediar\u00e1 a 8\u00aa Feira de Fotografia"},"content":{"rendered":"<p>No dia 5 de agosto ser\u00e1 realizada a 8\u00aa Feira de Fotografia em Juiz de Fora. O evento, que acontece sempre no 1\u00ba s\u00e1bado de cada m\u00eas, no Espa\u00e7o Manufato, promete ser ainda mais especial, j\u00e1 que em Agosto \u00e9 comemorado o Dia Mundial da Fotografia.<\/p>\n<p>Al\u00e9m de conversar com profissionais, autores das imagens expostas (como Humberto Nicoline, por exemplo), os visitantes da Feira tamb\u00e9m poder\u00e3o comprar as fotografias. Haver\u00e1, ainda, a divertida troca de imagens do Foto Escambo, com a finalidade de incentivar a cria\u00e7\u00e3o de cole\u00e7\u00f5es particulares.<\/p>\n<p>Com curadoria de Marcos Kopschitz, \u00e9 um evento de troca de fotografias e ser\u00e1 realizado durante a Feira, \u00e0s 17 h. Cada participante pode trocar de uma a tr\u00eas fotos. \u00c9 preciso ter feito inscri\u00e7\u00e3o pr\u00e9via. Busca estimular o colecionismo de fotografia, promover encontros e aproximar os fot\u00f3grafos.<\/p>\n<p>Oportunidade para obter fotos criativas, impactantes, \u00fanicas de fot\u00f3grafos da cidade &#8211; e reproduzidas com alta qualidade. Busca estimular o colecionismo de fotografia, promover encontros e aproximar os fot\u00f3grafos. Todas as informa\u00e7\u00f5es para participar do Foto Escambo est\u00e3o <a href=\"http:\/\/Jfemfoco.blogspot.com\">aqui<\/a> no blog &#8220;JF em Foco&#8221;.<\/p>\n<p>&nbsp;<\/p>\n","protected":false},"excerpt":{"rendered":"<p>No dia 5 de agosto ser\u00e1 realizada a 8\u00aa Feira de Fotografia em Juiz de Fora. O evento, que acontece sempre no 1\u00ba s\u00e1bado de cada m\u00eas, no Espa\u00e7o Manufato, promete ser ainda mais especial, j\u00e1 que em Agosto \u00e9 comemorado o Dia Mundial da Fotografia. Al\u00e9m de conversar com profissionais, autores das imagens expostas [&hellip;]<\/p>\n","protected":false},"author":246,"featured_media":216536,"comment_status":"closed","ping_status":"closed","sticky":false,"template":"","format":"standard","meta":{"footnotes":""},"categories":[253,436,439],"tags":[],"class_list":["post-216535","post","type-post","status-publish","format-standard","has-post-thumbnail","hentry","category-cidade","category-destaque-da-semana","category-ultima-hora"],"_links":{"self":[{"href":"https:\/\/diarioregionaldigital.com.br\/index.php?rest_route=\/wp\/v2\/posts\/216535","targetHints":{"allow":["GET"]}}],"collection":[{"href":"https:\/\/diarioregionaldigital.com.br\/index.php?rest_route=\/wp\/v2\/posts"}],"about":[{"href":"https:\/\/diarioregionaldigital.com.br\/index.php?rest_route=\/wp\/v2\/types\/post"}],"author":[{"embeddable":true,"href":"https:\/\/diarioregionaldigital.com.br\/index.php?rest_route=\/wp\/v2\/users\/246"}],"replies":[{"embeddable":true,"href":"https:\/\/diarioregionaldigital.com.br\/index.php?rest_route=%2Fwp%2Fv2%2Fcomments&post=216535"}],"version-history":[{"count":1,"href":"https:\/\/diarioregionaldigital.com.br\/index.php?rest_route=\/wp\/v2\/posts\/216535\/revisions"}],"predecessor-version":[{"id":216537,"href":"https:\/\/diarioregionaldigital.com.br\/index.php?rest_route=\/wp\/v2\/posts\/216535\/revisions\/216537"}],"wp:featuredmedia":[{"embeddable":true,"href":"https:\/\/diarioregionaldigital.com.br\/index.php?rest_route=\/wp\/v2\/media\/216536"}],"wp:attachment":[{"href":"https:\/\/diarioregionaldigital.com.br\/index.php?rest_route=%2Fwp%2Fv2%2Fmedia&parent=216535"}],"wp:term":[{"taxonomy":"category","embeddable":true,"href":"https:\/\/diarioregionaldigital.com.br\/index.php?rest_route=%2Fwp%2Fv2%2Fcategories&post=216535"},{"taxonomy":"post_tag","embeddable":true,"href":"https:\/\/diarioregionaldigital.com.br\/index.php?rest_route=%2Fwp%2Fv2%2Ftags&post=216535"}],"curies":[{"name":"wp","href":"https:\/\/api.w.org\/{rel}","templated":true}]}}