{"id":216532,"date":"2023-07-26T23:56:54","date_gmt":"2023-07-27T02:56:54","guid":{"rendered":"https:\/\/diarioregionaldigital.com.br\/?p=216532"},"modified":"2023-07-26T23:56:54","modified_gmt":"2023-07-27T02:56:54","slug":"pmmg-recebe-denuncia-de-posse-ilegal-de-arma-no-joquei-clube-ii","status":"publish","type":"post","link":"https:\/\/diarioregionaldigital.com.br\/?p=216532","title":{"rendered":"PMMG recebe den\u00fancia de posse ilegal de arma no J\u00f3quei Clube II"},"content":{"rendered":"<p>Durante opera\u00e7\u00e3o ocupa\u00e7\u00e3o no bairro J\u00f3quei Clube II, e, ap\u00f3s informa\u00e7\u00f5es de que um indiv\u00edduo estaria manuseando uma arma de fogo em via p\u00fablica, nesta ter\u00e7a-feira, 25, militares se deslocaram para o local e ao visualizarem o cidad\u00e3o com as caracter\u00edsticas repassadas pelo denunciante, procederam a abordagem, e ap\u00f3s busca pessoal logrou-se \u00eaxito em encontrar na posse do autor uma ptcal.40 com numera\u00e7\u00e3o suprimida, al\u00e9m de 01 carregador e 11 muni\u00e7\u00f5es do mesmo calibre. O autor foi preso em flagrante e conduzido \u00e0 presen\u00e7a da autoridade de pol\u00edcia judici\u00e1ria.<\/p>\n","protected":false},"excerpt":{"rendered":"<p>Durante opera\u00e7\u00e3o ocupa\u00e7\u00e3o no bairro J\u00f3quei Clube II, e, ap\u00f3s informa\u00e7\u00f5es de que um indiv\u00edduo estaria manuseando uma arma de fogo em via p\u00fablica, nesta ter\u00e7a-feira, 25, militares se deslocaram para o local e ao visualizarem o cidad\u00e3o com as caracter\u00edsticas repassadas pelo denunciante, procederam a abordagem, e ap\u00f3s busca pessoal logrou-se \u00eaxito em encontrar [&hellip;]<\/p>\n","protected":false},"author":246,"featured_media":216533,"comment_status":"closed","ping_status":"closed","sticky":false,"template":"","format":"standard","meta":{"footnotes":""},"categories":[301,436,439],"tags":[],"class_list":["post-216532","post","type-post","status-publish","format-standard","has-post-thumbnail","hentry","category-artigos-policiais","category-destaque-da-semana","category-ultima-hora"],"_links":{"self":[{"href":"https:\/\/diarioregionaldigital.com.br\/index.php?rest_route=\/wp\/v2\/posts\/216532","targetHints":{"allow":["GET"]}}],"collection":[{"href":"https:\/\/diarioregionaldigital.com.br\/index.php?rest_route=\/wp\/v2\/posts"}],"about":[{"href":"https:\/\/diarioregionaldigital.com.br\/index.php?rest_route=\/wp\/v2\/types\/post"}],"author":[{"embeddable":true,"href":"https:\/\/diarioregionaldigital.com.br\/index.php?rest_route=\/wp\/v2\/users\/246"}],"replies":[{"embeddable":true,"href":"https:\/\/diarioregionaldigital.com.br\/index.php?rest_route=%2Fwp%2Fv2%2Fcomments&post=216532"}],"version-history":[{"count":1,"href":"https:\/\/diarioregionaldigital.com.br\/index.php?rest_route=\/wp\/v2\/posts\/216532\/revisions"}],"predecessor-version":[{"id":216534,"href":"https:\/\/diarioregionaldigital.com.br\/index.php?rest_route=\/wp\/v2\/posts\/216532\/revisions\/216534"}],"wp:featuredmedia":[{"embeddable":true,"href":"https:\/\/diarioregionaldigital.com.br\/index.php?rest_route=\/wp\/v2\/media\/216533"}],"wp:attachment":[{"href":"https:\/\/diarioregionaldigital.com.br\/index.php?rest_route=%2Fwp%2Fv2%2Fmedia&parent=216532"}],"wp:term":[{"taxonomy":"category","embeddable":true,"href":"https:\/\/diarioregionaldigital.com.br\/index.php?rest_route=%2Fwp%2Fv2%2Fcategories&post=216532"},{"taxonomy":"post_tag","embeddable":true,"href":"https:\/\/diarioregionaldigital.com.br\/index.php?rest_route=%2Fwp%2Fv2%2Ftags&post=216532"}],"curies":[{"name":"wp","href":"https:\/\/api.w.org\/{rel}","templated":true}]}}