{"id":216526,"date":"2023-07-26T23:47:07","date_gmt":"2023-07-27T02:47:07","guid":{"rendered":"https:\/\/diarioregionaldigital.com.br\/?p=216526"},"modified":"2023-07-26T23:47:07","modified_gmt":"2023-07-27T02:47:07","slug":"praca-da-estacao-recebera-12-edicao-do-coleta-seletiva-na-praca-nesta-quinta-27","status":"publish","type":"post","link":"https:\/\/diarioregionaldigital.com.br\/?p=216526","title":{"rendered":"Pra\u00e7a da Esta\u00e7\u00e3o receber\u00e1 12\u00b0 edi\u00e7\u00e3o do \u201cColeta Seletiva na pra\u00e7a\u201d nesta quinta, 27"},"content":{"rendered":"<p>Segundo informa\u00e7\u00f5es do site da Prefeitura de Juiz de Fora (PJF), nesta quinta-feira, 27, entre 9h \u00e0s 17h, a Pra\u00e7a Doutor Jo\u00e3o Penido (Pra\u00e7a da Esta\u00e7\u00e3o) receber\u00e1 pela 12\u00b0 vez a campanha \u201cColeta Seletiva na Pra\u00e7a\u201d, que visa o recolhimento de materiais s\u00f3lidos recicl\u00e1veis. Foram recolhidos quase cem quilos de materiais, somente na edi\u00e7\u00e3o da \u00faltima semana.<\/p>\n<p>A iniciativa \u00e9 fruto de uma parceria entre a Prefeitura de Juiz de Fora (PJF) e as associa\u00e7\u00f5es de catadores da cidade. Desde o come\u00e7o da campanha, mais de uma tonelada e meia de materiais j\u00e1 foram recolhidos.<\/p>\n<p><strong>Confira os materiais recolhidos pela Coleta Seletiva na Pra\u00e7a:<\/strong><\/p>\n<p>&#8211; Papel: folhas de papel, jornal, revista, papel\u00e3o, cartolina, embalagem Tetra Pak (caixinha de leite).<\/p>\n<p>&#8211; Pl\u00e1stico: Isopor, potes e tampas, garrafas pl\u00e1sticas, garrafas pet, frascos de material de limpeza, frascos de produtos de higiene e beleza, brinquedos, baldes, material em PVC;<\/p>\n<p>&#8211; Vidro: copos, garrafas, embalagens de molho e potes de vidro.<\/p>\n<p>&#8211; Metal: Latinhas de alum\u00ednio, latas de a\u00e7o (de \u00f3leo, de molho de tomate, de sardinha\u2026), ferragens, esquadrias, arames.<\/p>\n<p>&#8211; Eletr\u00f4nico: cabos, pilhas, l\u00e2mpada de led, televisores, carregadores, baterias, aparelhos celulares, CDs.<\/p>\n<p>&#8211; Tamb\u00e9m ser\u00e1 disponibilizado um espa\u00e7o para o descarte de \u00f3leo de cozinha usado. Para ser descartado, deve ser colocado em garrafa pet bem fechada, para evitar vazamentos.<\/p>\n<p><strong>Cuidados no descarte<\/strong><\/p>\n<p>Para garantir melhor aproveitamento de materiais e tamb\u00e9m a seguran\u00e7a dos catadores, vale seguir algumas dicas na hora de realizar o seu descarte:<\/p>\n<p>&#8211; \u00c9 recomend\u00e1vel limpar embalagens de pl\u00e1stico e isopor que estejam com restos de comida, como marmitex e caixas de leite;<\/p>\n<p>&#8211; A melhor op\u00e7\u00e3o para descarte do \u00f3leo de cozinha \u00e9 na garrafa PET;<\/p>\n<p>&#8211; Se o vidro estiver inteiro, n\u00e3o precisa embal\u00e1-lo para descarte. Se ele estiver quebrado, leve-o dentro de uma garrafa PET ou caixa de papel\u00e3o.<\/p>\n<p>Separe o seu lixo e participe da Coleta Seletiva na Pra\u00e7a. Voc\u00ea leva, os catadores separam e toda cidade ganha.<\/p>\n<p><strong>Coleta seletiva<\/strong><\/p>\n<p>O Departamento Municipal de Limpeza Urbana (Demlurb) disponibiliza o servi\u00e7o de coleta seletiva para 90% dos domic\u00edlios da cidade de Juiz de Fora, al\u00e9m de realizar campanhas para incentivar a popula\u00e7\u00e3o a realizar a coleta seletiva.<\/p>\n<p>Os res\u00edduos secos origin\u00e1rios da coleta s\u00e3o encaminhados para as associa\u00e7\u00f5es de catadores de materiais recicl\u00e1veis conveniadas com o Departamento. Desse modo, a a\u00e7\u00e3o contribui na gera\u00e7\u00e3o de renda dos agentes ambientais e suas fam\u00edlias e, tamb\u00e9m, movimenta a economia do munic\u00edpio.<\/p>\n","protected":false},"excerpt":{"rendered":"<p>Segundo informa\u00e7\u00f5es do site da Prefeitura de Juiz de Fora (PJF), nesta quinta-feira, 27, entre 9h \u00e0s 17h, a Pra\u00e7a Doutor Jo\u00e3o Penido (Pra\u00e7a da Esta\u00e7\u00e3o) receber\u00e1 pela 12\u00b0 vez a campanha \u201cColeta Seletiva na Pra\u00e7a\u201d, que visa o recolhimento de materiais s\u00f3lidos recicl\u00e1veis. Foram recolhidos quase cem quilos de materiais, somente na edi\u00e7\u00e3o da [&hellip;]<\/p>\n","protected":false},"author":246,"featured_media":216527,"comment_status":"closed","ping_status":"closed","sticky":false,"template":"","format":"standard","meta":{"footnotes":""},"categories":[253,436,439],"tags":[],"class_list":["post-216526","post","type-post","status-publish","format-standard","has-post-thumbnail","hentry","category-cidade","category-destaque-da-semana","category-ultima-hora"],"_links":{"self":[{"href":"https:\/\/diarioregionaldigital.com.br\/index.php?rest_route=\/wp\/v2\/posts\/216526","targetHints":{"allow":["GET"]}}],"collection":[{"href":"https:\/\/diarioregionaldigital.com.br\/index.php?rest_route=\/wp\/v2\/posts"}],"about":[{"href":"https:\/\/diarioregionaldigital.com.br\/index.php?rest_route=\/wp\/v2\/types\/post"}],"author":[{"embeddable":true,"href":"https:\/\/diarioregionaldigital.com.br\/index.php?rest_route=\/wp\/v2\/users\/246"}],"replies":[{"embeddable":true,"href":"https:\/\/diarioregionaldigital.com.br\/index.php?rest_route=%2Fwp%2Fv2%2Fcomments&post=216526"}],"version-history":[{"count":1,"href":"https:\/\/diarioregionaldigital.com.br\/index.php?rest_route=\/wp\/v2\/posts\/216526\/revisions"}],"predecessor-version":[{"id":216528,"href":"https:\/\/diarioregionaldigital.com.br\/index.php?rest_route=\/wp\/v2\/posts\/216526\/revisions\/216528"}],"wp:featuredmedia":[{"embeddable":true,"href":"https:\/\/diarioregionaldigital.com.br\/index.php?rest_route=\/wp\/v2\/media\/216527"}],"wp:attachment":[{"href":"https:\/\/diarioregionaldigital.com.br\/index.php?rest_route=%2Fwp%2Fv2%2Fmedia&parent=216526"}],"wp:term":[{"taxonomy":"category","embeddable":true,"href":"https:\/\/diarioregionaldigital.com.br\/index.php?rest_route=%2Fwp%2Fv2%2Fcategories&post=216526"},{"taxonomy":"post_tag","embeddable":true,"href":"https:\/\/diarioregionaldigital.com.br\/index.php?rest_route=%2Fwp%2Fv2%2Ftags&post=216526"}],"curies":[{"name":"wp","href":"https:\/\/api.w.org\/{rel}","templated":true}]}}