{"id":216523,"date":"2023-07-26T23:45:40","date_gmt":"2023-07-27T02:45:40","guid":{"rendered":"https:\/\/diarioregionaldigital.com.br\/?p=216523"},"modified":"2023-07-26T23:45:40","modified_gmt":"2023-07-27T02:45:40","slug":"manutencao-na-rede-eletrica-interrompe-operacao-da-eta-sao-pedro-e-cidade-alta-pode-ter-abastecimento-comprometido-nesta-quarta-26","status":"publish","type":"post","link":"https:\/\/diarioregionaldigital.com.br\/?p=216523","title":{"rendered":"Manuten\u00e7\u00e3o na rede el\u00e9trica interrompe opera\u00e7\u00e3o da ETA S\u00e3o Pedro e Cidade Alta pode ter abastecimento comprometido nesta quarta, 26"},"content":{"rendered":"<p>Segundo informa\u00e7\u00f5es do site da Prefeitura de Juiz de Fora (PJF), devido a servi\u00e7os de manuten\u00e7\u00e3o na rede el\u00e9trica, a Esta\u00e7\u00e3o de Tratamento de \u00c1gua (ETA) S\u00e3o Pedro est\u00e1 sem energia na manh\u00e3 desta quarta-feira, 26. Segundo a Companhia Energ\u00e9tica de Minas Gerais (Cemig), a interrup\u00e7\u00e3o no fornecimento el\u00e9trico se estender\u00e1 at\u00e9 meio-dia. Neste per\u00edodo, a ETA est\u00e1 com sua opera\u00e7\u00e3o suspensa, o que pode afetar o abastecimento da Cidade Alta, incluindo as localidades do Aeroporto, Alphaville,\u00a0 Alto dos Pinheiros, Borboleta, Bosque do Imperador, Bosque Imperial, Vi\u00f1a del Mar, Chal\u00e9s do Imperador,\u00a0 Cidade Universit\u00e1ria, Colinas do Imperador, Colinas do S\u00e3o Pedro, Cruzeiro de Santo Ant\u00f4nio, Granville, Itatiaia, Jardim Casablanca, Jardim Marajoara, Jardins Imperiais, Nova Germ\u00e2nia, Adolfo Vireque, Loteamento Harmonia, Loteamento S\u00e3o Vicente de Paula, Loteamento Via do Sol, Mantiqueira, Maril\u00e2ndia, Martelos, Morada do Serro, Nossa Senhora de F\u00e1tima, Novo Horizonte, Portal da Torre, Parque Jardim Colonial, Parque S\u00e3o Pedro, Recanto da Primavera, Residencial Pinheiros, Santana, Santos Dumont, S\u00e3o Clemente, S\u00e3o Lucas, S\u00e3o Pedro, Serra d&#8217;\u00e1gua, Serro Azul, Spinaville II, Tup\u00e3 e Vila S\u00e3o Jorge.<\/p>\n<p>A Cesama pede a compreens\u00e3o dos moradores da \u00e1rea e orienta para que economizem \u00e1gua durante os trabalhos. T\u00e3o logo a energia el\u00e9trica seja restabelecida, o abastecimento ser\u00e1 retomado. A previs\u00e3o \u00e9 de que o fornecimento de \u00e1gua seja normalizado at\u00e9 a madrugada de quinta-feira, 27.<\/p>\n<p>Outras informa\u00e7\u00f5es:<br \/>\n(32) 3692-9179 &#8211; Assessoria de Comunica\u00e7\u00e3o da Cesama<\/p>\n","protected":false},"excerpt":{"rendered":"<p>Segundo informa\u00e7\u00f5es do site da Prefeitura de Juiz de Fora (PJF), devido a servi\u00e7os de manuten\u00e7\u00e3o na rede el\u00e9trica, a Esta\u00e7\u00e3o de Tratamento de \u00c1gua (ETA) S\u00e3o Pedro est\u00e1 sem energia na manh\u00e3 desta quarta-feira, 26. Segundo a Companhia Energ\u00e9tica de Minas Gerais (Cemig), a interrup\u00e7\u00e3o no fornecimento el\u00e9trico se estender\u00e1 at\u00e9 meio-dia. Neste per\u00edodo, [&hellip;]<\/p>\n","protected":false},"author":246,"featured_media":216524,"comment_status":"closed","ping_status":"closed","sticky":false,"template":"","format":"standard","meta":{"footnotes":""},"categories":[253,436,439],"tags":[],"class_list":["post-216523","post","type-post","status-publish","format-standard","has-post-thumbnail","hentry","category-cidade","category-destaque-da-semana","category-ultima-hora"],"_links":{"self":[{"href":"https:\/\/diarioregionaldigital.com.br\/index.php?rest_route=\/wp\/v2\/posts\/216523","targetHints":{"allow":["GET"]}}],"collection":[{"href":"https:\/\/diarioregionaldigital.com.br\/index.php?rest_route=\/wp\/v2\/posts"}],"about":[{"href":"https:\/\/diarioregionaldigital.com.br\/index.php?rest_route=\/wp\/v2\/types\/post"}],"author":[{"embeddable":true,"href":"https:\/\/diarioregionaldigital.com.br\/index.php?rest_route=\/wp\/v2\/users\/246"}],"replies":[{"embeddable":true,"href":"https:\/\/diarioregionaldigital.com.br\/index.php?rest_route=%2Fwp%2Fv2%2Fcomments&post=216523"}],"version-history":[{"count":1,"href":"https:\/\/diarioregionaldigital.com.br\/index.php?rest_route=\/wp\/v2\/posts\/216523\/revisions"}],"predecessor-version":[{"id":216525,"href":"https:\/\/diarioregionaldigital.com.br\/index.php?rest_route=\/wp\/v2\/posts\/216523\/revisions\/216525"}],"wp:featuredmedia":[{"embeddable":true,"href":"https:\/\/diarioregionaldigital.com.br\/index.php?rest_route=\/wp\/v2\/media\/216524"}],"wp:attachment":[{"href":"https:\/\/diarioregionaldigital.com.br\/index.php?rest_route=%2Fwp%2Fv2%2Fmedia&parent=216523"}],"wp:term":[{"taxonomy":"category","embeddable":true,"href":"https:\/\/diarioregionaldigital.com.br\/index.php?rest_route=%2Fwp%2Fv2%2Fcategories&post=216523"},{"taxonomy":"post_tag","embeddable":true,"href":"https:\/\/diarioregionaldigital.com.br\/index.php?rest_route=%2Fwp%2Fv2%2Ftags&post=216523"}],"curies":[{"name":"wp","href":"https:\/\/api.w.org\/{rel}","templated":true}]}}