{"id":216508,"date":"2023-07-26T23:31:04","date_gmt":"2023-07-27T02:31:04","guid":{"rendered":"https:\/\/diarioregionaldigital.com.br\/?p=216508"},"modified":"2023-07-26T23:31:04","modified_gmt":"2023-07-27T02:31:04","slug":"cob-anuncia-aumento-do-premio-para-medalhistas-na-olimpiada-de-paris","status":"publish","type":"post","link":"https:\/\/diarioregionaldigital.com.br\/?p=216508","title":{"rendered":"COB anuncia aumento do pr\u00eamio para medalhistas na Olimp\u00edada de Paris"},"content":{"rendered":"<p>A um ano da abertura dos Jogos Ol\u00edmpicos de Paris, o Comit\u00ea Ol\u00edmpico do Brasil (COB) anunciou aumento de 40% no pr\u00eamio para os ganhadores de medalhas na competi\u00e7\u00e3o. Durante um evento em S\u00e3o Paulo, na manh\u00e3 desta quarta-feira (26), o comit\u00ea informou que pagar\u00e1 para atletas individuais R$ 350 mil pela medalha de ouro, R$ 210 mil pela de prata e R$ 140 mil pela de bronze.<\/p>\n<p>Para os esportes de grupo (dois ou mais integrantes), o medalhista de ouro receber\u00e1 R$ 700 mil, o de prata, R$ 420 mil, e o de bronze, R$ 280 mil. No esporte coletivo (sete ou mais atletas), o ouro ganha R$ 1,05 milh\u00e3o, a prata, R$ 630 mil, e o bronze, R$ 420 mil.<img decoding=\"async\" src=\"https:\/\/agenciabrasil.ebc.com.br\/ebc.png?id=1545746&amp;o=node\" \/><img decoding=\"async\" src=\"https:\/\/agenciabrasil.ebc.com.br\/ebc.gif?id=1545746&amp;o=node\" \/><\/p>\n<p>O comit\u00ea deu tamb\u00e9m informa\u00e7\u00f5es sobre aqueles que ser\u00e3o seus embaixadores na Olimp\u00edada. Segundo o secret\u00e1rio-geral do COB, Rog\u00e9rio Sampaio, oito atletas ser\u00e3o escolhidos para representar todos os outros, ajudar a engajar a torcida e levar experi\u00eancia aos mais novos, al\u00e9m de estar perto dos competidores. \u201cSempre que poss\u00edvel, e entendendo que os atletas que estar\u00e3o competindo, muitas vezes, estar\u00e3o concentrados e um pouco mais fechados na sua prepara\u00e7\u00e3o, \u00e9 importante que os atletas embaixadores estejam pr\u00f3ximos trazendo a viv\u00eancia vencedora\u201d, afirmou Sampaio, judoca ganhador da medalha de ouro Jogos Ol\u00edmpicos de Barcelona em 1992.<\/p>\n<div class=\"dnd-widget-wrapper context-cheio_8colunas type-image\">\n<div class=\"dnd-atom-rendered\">\n<div class=\"shadow overflow-hidden rounded-lg d-block zoom-on-hover-sm shadow-hover w-100\"><img decoding=\"async\" class=\"flex-fill img-cover\" title=\"Paulo Pinto\/ Ag\u00eancia Brasil\" src=\"https:\/\/imagens.ebc.com.br\/uCNsfxhHvPp3lbzve5bTpfpN-Kw=\/754x0\/smart\/https:\/\/agenciabrasil.ebc.com.br\/sites\/default\/files\/thumbnails\/image\/evento-cob04.jpg?itok=Ez-yydrY\" alt=\"S\u00e3o Paulo (SP) 26\/07\/2023 - Os medalhistas ol\u00edmpicos Janeth Arcain (d) e Vanderlei Cordeiro de Lima (e) participam de evento do Comit\u00ea Ol\u00edmpico Brasileiro (COB) para marcar 1 ano para os Jogos Ol\u00edmpicos Paris 2024.\nFoto: Paulo Pinto\/ Ag\u00eancia Brasil\n\n\" \/><\/div>\n<\/div>\n<div class=\"dnd-caption-wrapper\">\n<div class=\"meta\">O presidente do COB, Rog\u00e9rio Sampaio (C), apresenta dois dos embaixadores do comit\u00ea brasileiro nos Jogos de Paris: o ex-maratonista Vanderlei Cordeiro de Lima, bronze em Atenas,\u00a0 e\u00a0 a\u00a0 ex-jogadora\u00a0 da\u00a0 sele\u00e7\u00e3o\u00a0 de\u00a0 basquete\u00a0 Janeth\u00a0 Arcain &#8211;\u00a0<strong>Paulo Pinto\/Ag\u00eancia Brasil<\/strong><\/div>\n<\/div>\n<\/div>\n<p>Uma das embaixadoras \u00e9 Janeth Arcain, ex-jogadora de basquete, campe\u00e3 mundial em 1994 e vencedora de duas medalhas ol\u00edmpicas, al\u00e9m de ser a terceira maior pontuadora da hist\u00f3ria da sele\u00e7\u00e3o. Outro anunciado foi Vanderlei Cordeiro de Lima, ex-maratonista e bronze nos Jogos Ol\u00edmpicos de Atenas 2004, depois de continuar na prova, mesmo tendo sido agarrado por um torcedor durante a corrida. Por isso, Vanderlei foi homenageado pelo Comit\u00ea Ol\u00edmpico Internacional (COI) com a Medalha Pierre de Coubertin, condecora\u00e7\u00e3o que somente seis atletas na hist\u00f3ria dos Jogos Ol\u00edmpicos t\u00eam.<\/p>\n<p>Rebeca Andrade, a primeira medalhista ol\u00edmpica feminina da gin\u00e1stica art\u00edstica brasileira, foi escolhida para ser embaixadora da sustentabilidade e divulgar as a\u00e7\u00f5es do COB nesse sentido. Segundo Sampaio, o COB \u00e9 signat\u00e1rio de dois grandes acordos mundiais do esporte: o Esporte pela A\u00e7\u00e3o Clim\u00e1tica e o Esporte pela Natureza. \u201cN\u00f3s entendemos que os Jogos de Paris ser\u00e3o os jogos mais sustent\u00e1veis da hist\u00f3ria. Pelo menos a ideia \u00e9 que tenha equidade de g\u00eanero, com 50% de homens e 50% de mulheres, sustentabilidade, com tentativas de compensa\u00e7\u00e3o de carbono e afins. Ent\u00e3o, o COB percebeu que este \u00e9 o momento de investimos e darmos um salto a\u00ed na quest\u00e3o da sustentabilidade\u201d, afirmou.<\/p>\n<p>O presidente do COB, Wanderley Teixeira, destacou que o comit\u00ea trabalha para que cada edi\u00e7\u00e3o ser melhor do que a anterior. Ele disse que a prepara\u00e7\u00e3o para os Jogos de Paris est\u00e1 bem adiantada porque a prepara\u00e7\u00e3o de uma olimp\u00edada come\u00e7a muito tempo antes. \u201cA base para o Time Brasil j\u00e1 est\u00e1 acertada, j\u00e1 houve experi\u00eancias e, no final do m\u00eas de agosto, nossa equipe do esporte est\u00e1 indo acompanhar o pessoal do\u00a0<em>surf<\/em>\u00a0no Taiti em um evento teste\u201d, informou.<\/p>\n<p>Para Teixeira, os Jogos de Paris ser\u00e3o um grande marco para o sistema ol\u00edmpico, j\u00e1 que a competi\u00e7\u00e3o ser\u00e1 o primeiro grande evento com p\u00fablico desde a pandemia de covid-19. \u201cVai ser espet\u00e1culo, inclusive ganhar uma abertura in\u00e9dita, j\u00e1 que as aberturas, que sempre foram dentro de um gin\u00e1sio, de um est\u00e1dio, desta vez ser\u00e1 praticamente aberta. A expectativa \u00e9 de 400 mil pessoas assistindo \u00e0 abertura dos jogos com o desfile dos atletas `no Rio Sena. Isso \u00e9 in\u00e9dito e vai ser marcante.\u201d<\/p>\n<p>No evento desta quarta-feira, que foi para convidados, atletas e jornalistas, foram divulgadas as estrat\u00e9gias e parcerias para Paris 2024 e apresentadas as evolu\u00e7\u00f5es do plano de servi\u00e7os oferecido aos esportistas, al\u00e9m de novidades nos programas que ser\u00e3o realizados durante os Jogos Ol\u00edmpicos.<\/p>\n<p><span style=\"font-weight: 400;\">Fonte: Ag\u00eancia Brasil <\/span><\/p>\n","protected":false},"excerpt":{"rendered":"<p>A um ano da abertura dos Jogos Ol\u00edmpicos de Paris, o Comit\u00ea Ol\u00edmpico do Brasil (COB) anunciou aumento de 40% no pr\u00eamio para os ganhadores de medalhas na competi\u00e7\u00e3o. Durante um evento em S\u00e3o Paulo, na manh\u00e3 desta quarta-feira (26), o comit\u00ea informou que pagar\u00e1 para atletas individuais R$ 350 mil pela medalha de ouro, [&hellip;]<\/p>\n","protected":false},"author":246,"featured_media":216509,"comment_status":"closed","ping_status":"closed","sticky":false,"template":"","format":"standard","meta":{"footnotes":""},"categories":[436,440,257,439],"tags":[],"class_list":["post-216508","post","type-post","status-publish","format-standard","has-post-thumbnail","hentry","category-destaque-da-semana","category-destaques-do-dia","category-esporte","category-ultima-hora"],"_links":{"self":[{"href":"https:\/\/diarioregionaldigital.com.br\/index.php?rest_route=\/wp\/v2\/posts\/216508","targetHints":{"allow":["GET"]}}],"collection":[{"href":"https:\/\/diarioregionaldigital.com.br\/index.php?rest_route=\/wp\/v2\/posts"}],"about":[{"href":"https:\/\/diarioregionaldigital.com.br\/index.php?rest_route=\/wp\/v2\/types\/post"}],"author":[{"embeddable":true,"href":"https:\/\/diarioregionaldigital.com.br\/index.php?rest_route=\/wp\/v2\/users\/246"}],"replies":[{"embeddable":true,"href":"https:\/\/diarioregionaldigital.com.br\/index.php?rest_route=%2Fwp%2Fv2%2Fcomments&post=216508"}],"version-history":[{"count":1,"href":"https:\/\/diarioregionaldigital.com.br\/index.php?rest_route=\/wp\/v2\/posts\/216508\/revisions"}],"predecessor-version":[{"id":216510,"href":"https:\/\/diarioregionaldigital.com.br\/index.php?rest_route=\/wp\/v2\/posts\/216508\/revisions\/216510"}],"wp:featuredmedia":[{"embeddable":true,"href":"https:\/\/diarioregionaldigital.com.br\/index.php?rest_route=\/wp\/v2\/media\/216509"}],"wp:attachment":[{"href":"https:\/\/diarioregionaldigital.com.br\/index.php?rest_route=%2Fwp%2Fv2%2Fmedia&parent=216508"}],"wp:term":[{"taxonomy":"category","embeddable":true,"href":"https:\/\/diarioregionaldigital.com.br\/index.php?rest_route=%2Fwp%2Fv2%2Fcategories&post=216508"},{"taxonomy":"post_tag","embeddable":true,"href":"https:\/\/diarioregionaldigital.com.br\/index.php?rest_route=%2Fwp%2Fv2%2Ftags&post=216508"}],"curies":[{"name":"wp","href":"https:\/\/api.w.org\/{rel}","templated":true}]}}