{"id":216502,"date":"2023-07-26T23:26:42","date_gmt":"2023-07-27T02:26:42","guid":{"rendered":"https:\/\/diarioregionaldigital.com.br\/?p=216502"},"modified":"2023-07-26T23:26:42","modified_gmt":"2023-07-27T02:26:42","slug":"nova-audiencia-do-massacre-de-paraisopolis-e-remarcada-para-dezembro","status":"publish","type":"post","link":"https:\/\/diarioregionaldigital.com.br\/?p=216502","title":{"rendered":"Nova audi\u00eancia do Massacre de Parais\u00f3polis \u00e9 remarcada para dezembro"},"content":{"rendered":"<p>A audi\u00eancia de instru\u00e7\u00e3o do caso que ficou conhecido como Massacre de Parais\u00f3polis, que resultou na morte, no baile funk DZ7, de nove jovens da comunidade, dever\u00e1 continuar somente no dia 18 de dezembro. A audi\u00eancia, que decidir\u00e1 se 13 policiais militares que atuaram na opera\u00e7\u00e3o, na noite de 1\u00ba de dezembro de 2019, ir\u00e3o a j\u00fari popular,\u00a0<a href=\"https:\/\/agenciabrasil.ebc.com.br\/justica\/noticia\/2023-07\/apos-mais-de-tres-anos-caso-paraisopolis-tem-audiencia-na-justica\" target=\"_blank\" rel=\"noopener\">teve in\u00edcio na ter\u00e7a-feira (25)<\/a>, no F\u00f3rum Criminal da Barra Funda.<img decoding=\"async\" src=\"https:\/\/agenciabrasil.ebc.com.br\/ebc.png?id=1545629&amp;o=node\" \/><img decoding=\"async\" src=\"https:\/\/agenciabrasil.ebc.com.br\/ebc.gif?id=1545629&amp;o=node\" \/><\/p>\n<p>Dos 13 policiais, 12 respondem por homic\u00eddio e um por colocar pessoas em risco, ao soltar explosivos durante a opera\u00e7\u00e3o.<\/p>\n<p>A audi\u00eancia, marcada para come\u00e7ar \u00e0s 13h, terminou por volta de 18h30. O juiz Ricardo Augusto Ramos ouviu dez testemunhas da lista, sendo uma protegida e comum \u00e0s partes do processo. As demais nove testemunhas eram de acusa\u00e7\u00e3o, de acordo com o Tribunal de Justi\u00e7a de S\u00e3o Paulo.<\/p>\n<p>A Corte informou, ainda, que as testemunhas que depuseram nesta ter\u00e7a-feira eram pessoas que estavam no baile, moradores da Favela de Parais\u00f3polis e m\u00e9dicos que atenderam as v\u00edtimas no dia da opera\u00e7\u00e3o. O processo conta, ao todo, com 52 testemunhas arroladas.<\/p>\n<p>O processo foi aberto na Justi\u00e7a ap\u00f3s o Minist\u00e9rio P\u00fablico de S\u00e3o Paulo apresentar den\u00fancia contra os policiais militares. No entendimento dos familiares das v\u00edtimas, que tinham entre 14 e 23 anos de idade, e da Defensoria P\u00fablica do Estado de S\u00e3o Paulo, houve excessos e abuso por parte dos agentes das for\u00e7as de seguran\u00e7a. A Defensoria P\u00fablica chegou a detalhar o caso em um relat\u00f3rio de 187 p\u00e1ginas, com imagens captadas por c\u00e2meras que revelam o modo como os policiais agiram.<\/p>\n<p><a href=\"https:\/\/agenciabrasil.ebc.com.br\/direitos-humanos\/noticia\/2023-07\/chacina-de-paraisopolis-parentes-e-movimentos-sociais-fazem-protesto\" target=\"_blank\" rel=\"noopener\">Os parentes dos jovens realizaram uma manifesta\u00e7\u00e3o nesta ter\u00e7a-feira<\/a>\u00a0em frente ao f\u00f3rum, antes da audi\u00eancia de instru\u00e7\u00e3o come\u00e7ar, pedindo justi\u00e7a e responsabiliza\u00e7\u00e3o dos policiais.<\/p>\n<p>A linha da defesa dos policiais militares \u00e9 a de que houve uma rea\u00e7\u00e3o dos agentes \u00e0 fuga de dois criminosos, que teriam corrido para o &#8216;pancad\u00e3o&#8217;, como \u00e9 conhecido popularmente o baile funk, e que o que se seguiu a isso foi uma confus\u00e3o dentro da festa, culminando na morte dos jovens.<\/p>\n<p><span style=\"font-weight: 400;\">Fonte: Ag\u00eancia Brasil <\/span><\/p>\n","protected":false},"excerpt":{"rendered":"<p>A audi\u00eancia de instru\u00e7\u00e3o do caso que ficou conhecido como Massacre de Parais\u00f3polis, que resultou na morte, no baile funk DZ7, de nove jovens da comunidade, dever\u00e1 continuar somente no dia 18 de dezembro. A audi\u00eancia, que decidir\u00e1 se 13 policiais militares que atuaram na opera\u00e7\u00e3o, na noite de 1\u00ba de dezembro de 2019, ir\u00e3o [&hellip;]<\/p>\n","protected":false},"author":246,"featured_media":216503,"comment_status":"closed","ping_status":"closed","sticky":false,"template":"","format":"standard","meta":{"footnotes":""},"categories":[436,254,439],"tags":[],"class_list":["post-216502","post","type-post","status-publish","format-standard","has-post-thumbnail","hentry","category-destaque-da-semana","category-politica","category-ultima-hora"],"_links":{"self":[{"href":"https:\/\/diarioregionaldigital.com.br\/index.php?rest_route=\/wp\/v2\/posts\/216502","targetHints":{"allow":["GET"]}}],"collection":[{"href":"https:\/\/diarioregionaldigital.com.br\/index.php?rest_route=\/wp\/v2\/posts"}],"about":[{"href":"https:\/\/diarioregionaldigital.com.br\/index.php?rest_route=\/wp\/v2\/types\/post"}],"author":[{"embeddable":true,"href":"https:\/\/diarioregionaldigital.com.br\/index.php?rest_route=\/wp\/v2\/users\/246"}],"replies":[{"embeddable":true,"href":"https:\/\/diarioregionaldigital.com.br\/index.php?rest_route=%2Fwp%2Fv2%2Fcomments&post=216502"}],"version-history":[{"count":1,"href":"https:\/\/diarioregionaldigital.com.br\/index.php?rest_route=\/wp\/v2\/posts\/216502\/revisions"}],"predecessor-version":[{"id":216504,"href":"https:\/\/diarioregionaldigital.com.br\/index.php?rest_route=\/wp\/v2\/posts\/216502\/revisions\/216504"}],"wp:featuredmedia":[{"embeddable":true,"href":"https:\/\/diarioregionaldigital.com.br\/index.php?rest_route=\/wp\/v2\/media\/216503"}],"wp:attachment":[{"href":"https:\/\/diarioregionaldigital.com.br\/index.php?rest_route=%2Fwp%2Fv2%2Fmedia&parent=216502"}],"wp:term":[{"taxonomy":"category","embeddable":true,"href":"https:\/\/diarioregionaldigital.com.br\/index.php?rest_route=%2Fwp%2Fv2%2Fcategories&post=216502"},{"taxonomy":"post_tag","embeddable":true,"href":"https:\/\/diarioregionaldigital.com.br\/index.php?rest_route=%2Fwp%2Fv2%2Ftags&post=216502"}],"curies":[{"name":"wp","href":"https:\/\/api.w.org\/{rel}","templated":true}]}}