{"id":216496,"date":"2023-07-26T23:23:52","date_gmt":"2023-07-27T02:23:52","guid":{"rendered":"https:\/\/diarioregionaldigital.com.br\/?p=216496"},"modified":"2023-07-26T23:23:52","modified_gmt":"2023-07-27T02:23:52","slug":"bnb-e-bndes-firmam-acordo-para-restauracao-da-caatinga","status":"publish","type":"post","link":"https:\/\/diarioregionaldigital.com.br\/?p=216496","title":{"rendered":"BNB e BNDES firmam acordo para restaura\u00e7\u00e3o da caatinga"},"content":{"rendered":"<p>O Banco do Nordeste (BNB) e o Banco Nacional de Desenvolvimento Econ\u00f4mico e Social (BNDES) firmaram um termo que viabiliza a abertura de um edital de R$ 10 milh\u00f5es para restaura\u00e7\u00e3o da caatinga, por meio do\u00a0<a href=\"https:\/\/www.bndes.gov.br\/wps\/portal\/site\/home\/desenvolvimento-sustentavel\/parcerias\/floresta-viva\" target=\"_blank\" rel=\"noopener\">programa Floresta Viva<\/a>. A iniciativa conjunta \u00e9 destinada a implementar projetos de restaura\u00e7\u00e3o ecol\u00f3gica com esp\u00e9cies nativas e sistemas agroflorestais nos biomas brasileiros.<img decoding=\"async\" src=\"https:\/\/agenciabrasil.ebc.com.br\/ebc.png?id=1545712&amp;o=node\" \/><img decoding=\"async\" src=\"https:\/\/agenciabrasil.ebc.com.br\/ebc.gif?id=1545712&amp;o=node\" \/><\/p>\n<p>O ato foi anunciado nesta quarta-feira (26) durante o evento Desenvolvimento Econ\u00f4mico \u2013 Perspectivas e Desafios da Regi\u00e3o Nordeste, que ocorreu no Pal\u00e1cio do Planalto.<\/p>\n<p>A diretora Socioambiental do BNDES, Tereza Campello, informou que cada institui\u00e7\u00e3o entrar\u00e1 com R$ 5 milh\u00f5es para financiar os projetos.<\/p>\n<p>\u201cVamos restaurar a mata branca, restaurar a caatinga, que \u00e9 um dos biomas mais devastados, e precisa ser restaurada. N\u00e3o tem a aten\u00e7\u00e3o que muitas vezes \u00e9 dada \u00e0 floresta amaz\u00f4nica. [Caatinga] Tem um potencial enorme de resgate de carbono, pode ser uma entrega muito importante. Ent\u00e3o, de certa forma, BNB e BNDES est\u00e3o inaugurando essa fase onde as institui\u00e7\u00f5es somam esfor\u00e7os e se disp\u00f5em a trabalhar juntos\u201d, disse Tereza Campello.<\/p>\n<h2>Desenvolvimento<\/h2>\n<p>O vice-presidente e ministro do Desenvolvimento, Ind\u00fastria, Com\u00e9rcio e Servi\u00e7os, Geraldo Alckmin, comandou o debate sobre as oportunidades para alavancar o desenvolvimento econ\u00f4mico do Nordeste, sobretudo na economia e ind\u00fastria verde.<\/p>\n<p>A reuni\u00e3o teve a presen\u00e7a de outros ministros de Estado e autoridades, al\u00e9m dos governadores da regi\u00e3o.<\/p>\n<p>\u201cO Nordeste \u00e9 uma prioridade do governo federal, do governo do presidente Lula, e a melhor maneira de promover o desenvolvimento e ter boas pol\u00edticas p\u00fablicas \u00e9 atrav\u00e9s da parceria entre os entes federados &#8211; o governo federal, os estados e os munic\u00edpios. Muitas das quest\u00f5es cada estado tem a sua singularidade pr\u00f3pria, tem as suas caracter\u00edsticas, sua voca\u00e7\u00e3o, mas tem muitos temas que s\u00e3o temas regionais\u201d, disse, na abertura do encontro Alckmin. \u201cEnt\u00e3o, essa abordagem regional e federativa, ela \u00e9 extremamente importante\u201d, acrescentou.<\/p>\n<p>Alckmin destacou as potencialidades da regi\u00e3o na quest\u00e3o ambiental e na transi\u00e7\u00e3o energ\u00e9tica. \u201cO Nordeste \u00e9 hoje o grande polo de desenvolvimento da energia solar, e\u00f3lica, limpa, renov\u00e1vel, petr\u00f3leo e g\u00e1s, do agroneg\u00f3cio, do biodiesel, da neoindustrializa\u00e7\u00e3o. Como \u00e9 que a gente potencializa a ind\u00fastria na regi\u00e3o?\u201d, questionou, levantando o debate.<\/p>\n<h2>Infraestrutura<\/h2>\n<p>Os ministros e governadores tamb\u00e9m discutiram sobre os problemas estruturais historicamente acumulados no Nordeste.<\/p>\n<p>O ministro-chefe da Casa Civil, Rui Costa, voltou a anunciar o lan\u00e7amento do novo Programa de Acelera\u00e7\u00e3o do Crescimento (PAC), agora para o dia 11 de agosto. Segundo ele, o governo prepara uma apresenta\u00e7\u00e3o aos governadores de todo o pa\u00eds para\u00a0<a href=\"https:\/\/agenciabrasil.ebc.com.br\/politica\/noticia\/2023-04\/lula-governo-finaliza-lista-de-obras-prioritarias-dos-estados\" target=\"_blank\" rel=\"noopener\">anunciar quais obras priorit\u00e1rias<\/a>\u00a0sugeridas pelos estados ser\u00e3o contempladas no programa nesse primeiro momento.<\/p>\n<p>Rui Costa adiantou que, no lan\u00e7amento do novo PAC, o governo quer assinar um documento visando a realiza\u00e7\u00e3o de uma parceria p\u00fablico privada (PPP) para gest\u00e3o do sistema h\u00eddrico da Transposi\u00e7\u00e3o do Rio S\u00e3o Francisco, \u201cque n\u00e3o pode ser interrompido por uma opera\u00e7\u00e3o fr\u00e1gil e pr\u00f3ximo ao amadorismo\u201d.<\/p>\n<p>O ministro defendeu ainda o fortalecimento do turismo na Regi\u00e3o Nordeste, com o barateamento das passagens a\u00e9reas entre os estados da regi\u00e3o, e o financiamento de obras de infraestrutura aos estados do cons\u00f3rcio pelo Banco do Nordeste (BNB).<\/p>\n<p><span style=\"font-weight: 400;\">Fonte: Ag\u00eancia Brasil <\/span><\/p>\n","protected":false},"excerpt":{"rendered":"<p>O Banco do Nordeste (BNB) e o Banco Nacional de Desenvolvimento Econ\u00f4mico e Social (BNDES) firmaram um termo que viabiliza a abertura de um edital de R$ 10 milh\u00f5es para restaura\u00e7\u00e3o da caatinga, por meio do\u00a0programa Floresta Viva. A iniciativa conjunta \u00e9 destinada a implementar projetos de restaura\u00e7\u00e3o ecol\u00f3gica com esp\u00e9cies nativas e sistemas agroflorestais [&hellip;]<\/p>\n","protected":false},"author":246,"featured_media":216497,"comment_status":"closed","ping_status":"closed","sticky":false,"template":"","format":"standard","meta":{"footnotes":""},"categories":[436,440,254,439],"tags":[],"class_list":["post-216496","post","type-post","status-publish","format-standard","has-post-thumbnail","hentry","category-destaque-da-semana","category-destaques-do-dia","category-politica","category-ultima-hora"],"_links":{"self":[{"href":"https:\/\/diarioregionaldigital.com.br\/index.php?rest_route=\/wp\/v2\/posts\/216496","targetHints":{"allow":["GET"]}}],"collection":[{"href":"https:\/\/diarioregionaldigital.com.br\/index.php?rest_route=\/wp\/v2\/posts"}],"about":[{"href":"https:\/\/diarioregionaldigital.com.br\/index.php?rest_route=\/wp\/v2\/types\/post"}],"author":[{"embeddable":true,"href":"https:\/\/diarioregionaldigital.com.br\/index.php?rest_route=\/wp\/v2\/users\/246"}],"replies":[{"embeddable":true,"href":"https:\/\/diarioregionaldigital.com.br\/index.php?rest_route=%2Fwp%2Fv2%2Fcomments&post=216496"}],"version-history":[{"count":1,"href":"https:\/\/diarioregionaldigital.com.br\/index.php?rest_route=\/wp\/v2\/posts\/216496\/revisions"}],"predecessor-version":[{"id":216498,"href":"https:\/\/diarioregionaldigital.com.br\/index.php?rest_route=\/wp\/v2\/posts\/216496\/revisions\/216498"}],"wp:featuredmedia":[{"embeddable":true,"href":"https:\/\/diarioregionaldigital.com.br\/index.php?rest_route=\/wp\/v2\/media\/216497"}],"wp:attachment":[{"href":"https:\/\/diarioregionaldigital.com.br\/index.php?rest_route=%2Fwp%2Fv2%2Fmedia&parent=216496"}],"wp:term":[{"taxonomy":"category","embeddable":true,"href":"https:\/\/diarioregionaldigital.com.br\/index.php?rest_route=%2Fwp%2Fv2%2Fcategories&post=216496"},{"taxonomy":"post_tag","embeddable":true,"href":"https:\/\/diarioregionaldigital.com.br\/index.php?rest_route=%2Fwp%2Fv2%2Ftags&post=216496"}],"curies":[{"name":"wp","href":"https:\/\/api.w.org\/{rel}","templated":true}]}}