{"id":216493,"date":"2023-07-26T22:54:16","date_gmt":"2023-07-27T01:54:16","guid":{"rendered":"https:\/\/diarioregionaldigital.com.br\/?p=216493"},"modified":"2023-07-26T22:54:16","modified_gmt":"2023-07-27T01:54:16","slug":"vendas-da-industria-de-maquinas-tem-queda-de-103-em-junho","status":"publish","type":"post","link":"https:\/\/diarioregionaldigital.com.br\/?p=216493","title":{"rendered":"Vendas da ind\u00fastria de m\u00e1quinas t\u00eam queda de 10,3% em junho"},"content":{"rendered":"<p>As vendas da ind\u00fastria brasileira de m\u00e1quinas e equipamentos em junho\u00a0somaram\u00a0R$ 24,8\u00a0bilh\u00f5es, uma queda de\u00a010,3% em rela\u00e7\u00e3o ao mesmo m\u00eas do ano passado. Em compara\u00e7\u00e3o com\u00a0maio,\u00a0no entanto,\u00a0houve\u00a0eleva\u00e7\u00e3o, de\u00a00,5%. No acumulado do ano, de janeiro a\u00a0junho, as vendas\u00a0totalizaram R$\u00a0142,3\u00a0bilh\u00f5es,\u00a08,9% abaixo do registrado no mesmo per\u00edodo de 2022. Os dados, divulgados nesta quarta-feira\u00a0(26), s\u00e3o da Associa\u00e7\u00e3o Brasileira da Ind\u00fastria de M\u00e1quinas e Equipamentos (Abimaq).\u00a0\u00a0\u00a0<img decoding=\"async\" src=\"https:\/\/agenciabrasil.ebc.com.br\/ebc.png?id=1545731&amp;o=node\" \/><img decoding=\"async\" src=\"https:\/\/agenciabrasil.ebc.com.br\/ebc.gif?id=1545731&amp;o=node\" \/><\/p>\n<p>O setor vendeu ao exterior, no m\u00eas de junho, US$ 1,04\u00a0bilh\u00e3o em equipamentos, montante\u00a01% superior ao registrado no mesmo m\u00eas de 2022. Em rela\u00e7\u00e3o a\u00a0maio, as exporta\u00e7\u00f5es foram\u00a021,3% menores. No acumulado do ano, de janeiro a\u00a0junho, as vendas ao exterior somaram US$\u00a06,67\u00a0bilh\u00f5es,\u00a018,9% acima do registrado no mesmo per\u00edodo do ano passado.<\/p>\n<p>\u201cEm\u00a02023, de janeiro a junho, houve aumento das exporta\u00e7\u00f5es de\u00a0m\u00e1quinas e equipamentos em praticamente todas as\u00a0regi\u00f5es do globo.\u00a0A\u00a0maior parte das exporta\u00e7\u00f5es [do Brasil] foi direcionada para a\u00a0Am\u00e9rica do Sul, que absorveu 34,7% do total de m\u00e1quinas\u00a0e equipamentos exportado pelo pa\u00eds\u201d, destacou a entidade, em nota.<\/p>\n<p>As importa\u00e7\u00f5es totalizaram US$ 2,23\u00a0bilh\u00f5es em\u00a0junho,\u00a012,8% inferior ao registrado em\u00a0maio, e 19,4% superior em rela\u00e7\u00e3o ao mesmo m\u00eas do ano anterior. No acumulado do ano (janeiro a\u00a0junho), as compras do exterior chegaram a US$\u00a013,3\u00a0bilh\u00f5es,\u00a014% acima do registrado no mesmo per\u00edodo de 2022.<\/p>\n<p><span style=\"font-weight: 400;\">Fonte: Ag\u00eancia Brasil <\/span><\/p>\n","protected":false},"excerpt":{"rendered":"<p>As vendas da ind\u00fastria brasileira de m\u00e1quinas e equipamentos em junho\u00a0somaram\u00a0R$ 24,8\u00a0bilh\u00f5es, uma queda de\u00a010,3% em rela\u00e7\u00e3o ao mesmo m\u00eas do ano passado. Em compara\u00e7\u00e3o com\u00a0maio,\u00a0no entanto,\u00a0houve\u00a0eleva\u00e7\u00e3o, de\u00a00,5%. No acumulado do ano, de janeiro a\u00a0junho, as vendas\u00a0totalizaram R$\u00a0142,3\u00a0bilh\u00f5es,\u00a08,9% abaixo do registrado no mesmo per\u00edodo de 2022. Os dados, divulgados nesta quarta-feira\u00a0(26), s\u00e3o da Associa\u00e7\u00e3o Brasileira [&hellip;]<\/p>\n","protected":false},"author":246,"featured_media":216494,"comment_status":"closed","ping_status":"closed","sticky":false,"template":"","format":"standard","meta":{"footnotes":""},"categories":[436,261,439],"tags":[],"class_list":["post-216493","post","type-post","status-publish","format-standard","has-post-thumbnail","hentry","category-destaque-da-semana","category-economia","category-ultima-hora"],"_links":{"self":[{"href":"https:\/\/diarioregionaldigital.com.br\/index.php?rest_route=\/wp\/v2\/posts\/216493","targetHints":{"allow":["GET"]}}],"collection":[{"href":"https:\/\/diarioregionaldigital.com.br\/index.php?rest_route=\/wp\/v2\/posts"}],"about":[{"href":"https:\/\/diarioregionaldigital.com.br\/index.php?rest_route=\/wp\/v2\/types\/post"}],"author":[{"embeddable":true,"href":"https:\/\/diarioregionaldigital.com.br\/index.php?rest_route=\/wp\/v2\/users\/246"}],"replies":[{"embeddable":true,"href":"https:\/\/diarioregionaldigital.com.br\/index.php?rest_route=%2Fwp%2Fv2%2Fcomments&post=216493"}],"version-history":[{"count":1,"href":"https:\/\/diarioregionaldigital.com.br\/index.php?rest_route=\/wp\/v2\/posts\/216493\/revisions"}],"predecessor-version":[{"id":216495,"href":"https:\/\/diarioregionaldigital.com.br\/index.php?rest_route=\/wp\/v2\/posts\/216493\/revisions\/216495"}],"wp:featuredmedia":[{"embeddable":true,"href":"https:\/\/diarioregionaldigital.com.br\/index.php?rest_route=\/wp\/v2\/media\/216494"}],"wp:attachment":[{"href":"https:\/\/diarioregionaldigital.com.br\/index.php?rest_route=%2Fwp%2Fv2%2Fmedia&parent=216493"}],"wp:term":[{"taxonomy":"category","embeddable":true,"href":"https:\/\/diarioregionaldigital.com.br\/index.php?rest_route=%2Fwp%2Fv2%2Fcategories&post=216493"},{"taxonomy":"post_tag","embeddable":true,"href":"https:\/\/diarioregionaldigital.com.br\/index.php?rest_route=%2Fwp%2Fv2%2Ftags&post=216493"}],"curies":[{"name":"wp","href":"https:\/\/api.w.org\/{rel}","templated":true}]}}