{"id":216483,"date":"2023-07-26T22:44:26","date_gmt":"2023-07-27T01:44:26","guid":{"rendered":"https:\/\/diarioregionaldigital.com.br\/?p=216483"},"modified":"2023-07-26T22:44:26","modified_gmt":"2023-07-27T01:44:26","slug":"dolar-cai-para-r-472-apos-elevacao-de-nota-de-credito-do-brasil","status":"publish","type":"post","link":"https:\/\/diarioregionaldigital.com.br\/?p=216483","title":{"rendered":"D\u00f3lar cai para R$ 4,72 ap\u00f3s eleva\u00e7\u00e3o de nota de cr\u00e9dito do Brasil"},"content":{"rendered":"<p>A melhoria da\u00a0<a href=\"https:\/\/agenciabrasil.ebc.com.br\/economia\/noticia\/2023-07\/agencia-de-classificacao-de-risco-eleva-nota-de-credito-do-brasil\" target=\"_blank\" rel=\"noopener\">nota de classifica\u00e7\u00e3o de risco<\/a>\u00a0do Brasil pela ag\u00eancia Fitch provocou mais um dia de otimismo no mercado financeiro. Em queda pela terceira vez seguida, o d\u00f3lar voltou a aproximar-se de R$ 4,70 e voltar a atingir o menor valor do ano. A bolsa de valores iniciou a sess\u00e3o em baixa, mas reverteu o movimento e emendou a quinta alta seguida.<img decoding=\"async\" src=\"https:\/\/agenciabrasil.ebc.com.br\/ebc.png?id=1545784&amp;o=node\" \/><img decoding=\"async\" src=\"https:\/\/agenciabrasil.ebc.com.br\/ebc.gif?id=1545784&amp;o=node\" \/><\/p>\n<p>O d\u00f3lar comercial encerrou esta quarta-feira (26) vendido a R$ 4,728, com queda de R$ 0,029 (-0,46%). A cota\u00e7\u00e3o iniciou o dia pr\u00f3xima da estabilidade, mas passou a cair ap\u00f3s o comunicado da Fitch, at\u00e9 encerrar pr\u00f3xima da m\u00ednima do dia.<\/p>\n<p>A moeda norte-americana est\u00e1 no menor n\u00edvel desde 20 de abril do ano passado, quando tinha fechado em R$ 4,62. A divisa cai 1,29% em julho e 10,45% em 2023.<\/p>\n<p>O mercado de a\u00e7\u00f5es tamb\u00e9m teve ganhos. O \u00edndice Ibovespa, da B3, fechou aos 112.560 pontos, com alta de 0,45%. Apesar da queda de a\u00e7\u00f5es de petroleiras e de mineradoras, a\u00e7\u00f5es de bancos e de varejistas sustentaram a bolsa. O indicador est\u00e1 no n\u00edvel mais alto desde 9 de agosto de 2021.<\/p>\n<p>No mercado dom\u00e9stico, a decis\u00e3o da Fitch animou os investidores. A ag\u00eancia de classifica\u00e7\u00e3o de risco elevou a nota do pa\u00eds para BB, contra BB-, com perspectiva est\u00e1vel (sem a possibilidade de mudar a classifica\u00e7\u00e3o nos pr\u00f3ximos meses). A Fitch atribuiu a decis\u00e3o a um desempenho macroecon\u00f4mico e fiscal melhor que o esperado da economia brasileira. A melhoria da nota estimula a entrada de capital financeiro no Brasil.<\/p>\n<p>No cen\u00e1rio internacional, a eleva\u00e7\u00e3o dos juros b\u00e1sicos dos Estados Unidos em 0,25 ponto percentual confirmou a expectativa das institui\u00e7\u00f5es financeiras. Apesar de a taxa b\u00e1sica de juros da maior economia do planeta estar no maior n\u00edvel desde 2001, os investidores acreditam que o Federal Reserve (Fed, Banco Central norte-americano) encerrou o ciclo de altas que come\u00e7ou em abril do ano passado. O fim das altas de juros em economias avan\u00e7adas beneficia pa\u00edses emergentes, como o Brasil.<\/p>\n<p>A\u00a0<strong>Ag\u00eancia Brasil\u00a0<\/strong>est\u00e1 publicando mat\u00e9rias sobre o fechamento do mercado financeiro apenas em dias extraordin\u00e1rios. A cota\u00e7\u00e3o do d\u00f3lar e o n\u00edvel da bolsa de valores n\u00e3o s\u00e3o mais informados diariamente.<\/p>\n<p><span style=\"font-weight: 400;\"><br \/>\n<\/span><span style=\"font-weight: 400;\">Fonte: Ag\u00eancia Brasil <\/span><\/p>\n","protected":false},"excerpt":{"rendered":"<p>A melhoria da\u00a0nota de classifica\u00e7\u00e3o de risco\u00a0do Brasil pela ag\u00eancia Fitch provocou mais um dia de otimismo no mercado financeiro. Em queda pela terceira vez seguida, o d\u00f3lar voltou a aproximar-se de R$ 4,70 e voltar a atingir o menor valor do ano. A bolsa de valores iniciou a sess\u00e3o em baixa, mas reverteu o [&hellip;]<\/p>\n","protected":false},"author":246,"featured_media":216484,"comment_status":"closed","ping_status":"closed","sticky":false,"template":"","format":"standard","meta":{"footnotes":""},"categories":[436,440,261,439],"tags":[],"class_list":["post-216483","post","type-post","status-publish","format-standard","has-post-thumbnail","hentry","category-destaque-da-semana","category-destaques-do-dia","category-economia","category-ultima-hora"],"_links":{"self":[{"href":"https:\/\/diarioregionaldigital.com.br\/index.php?rest_route=\/wp\/v2\/posts\/216483","targetHints":{"allow":["GET"]}}],"collection":[{"href":"https:\/\/diarioregionaldigital.com.br\/index.php?rest_route=\/wp\/v2\/posts"}],"about":[{"href":"https:\/\/diarioregionaldigital.com.br\/index.php?rest_route=\/wp\/v2\/types\/post"}],"author":[{"embeddable":true,"href":"https:\/\/diarioregionaldigital.com.br\/index.php?rest_route=\/wp\/v2\/users\/246"}],"replies":[{"embeddable":true,"href":"https:\/\/diarioregionaldigital.com.br\/index.php?rest_route=%2Fwp%2Fv2%2Fcomments&post=216483"}],"version-history":[{"count":1,"href":"https:\/\/diarioregionaldigital.com.br\/index.php?rest_route=\/wp\/v2\/posts\/216483\/revisions"}],"predecessor-version":[{"id":216485,"href":"https:\/\/diarioregionaldigital.com.br\/index.php?rest_route=\/wp\/v2\/posts\/216483\/revisions\/216485"}],"wp:featuredmedia":[{"embeddable":true,"href":"https:\/\/diarioregionaldigital.com.br\/index.php?rest_route=\/wp\/v2\/media\/216484"}],"wp:attachment":[{"href":"https:\/\/diarioregionaldigital.com.br\/index.php?rest_route=%2Fwp%2Fv2%2Fmedia&parent=216483"}],"wp:term":[{"taxonomy":"category","embeddable":true,"href":"https:\/\/diarioregionaldigital.com.br\/index.php?rest_route=%2Fwp%2Fv2%2Fcategories&post=216483"},{"taxonomy":"post_tag","embeddable":true,"href":"https:\/\/diarioregionaldigital.com.br\/index.php?rest_route=%2Fwp%2Fv2%2Ftags&post=216483"}],"curies":[{"name":"wp","href":"https:\/\/api.w.org\/{rel}","templated":true}]}}