{"id":216457,"date":"2023-07-25T23:56:43","date_gmt":"2023-07-26T02:56:43","guid":{"rendered":"https:\/\/diarioregionaldigital.com.br\/?p=216457"},"modified":"2023-07-25T23:56:43","modified_gmt":"2023-07-26T02:56:43","slug":"pjf-inicia-campanha-de-vacinacao-antirrabica-animal-na-zona-rural-no-dia-2","status":"publish","type":"post","link":"https:\/\/diarioregionaldigital.com.br\/?p=216457","title":{"rendered":"PJF inicia campanha de vacina\u00e7\u00e3o antirr\u00e1bica animal na Zona Rural no dia 2"},"content":{"rendered":"<p>Segundo informa\u00e7\u00f5es do site da Prefeitura de Juiz de Fora (PJF), a PJF d\u00e1 in\u00edcio na quarta-feira, dia 2 de agosto, \u00e0 Campanha de Vacina\u00e7\u00e3o Antirr\u00e1bica Animal na Zona Rural do munic\u00edpio.\u00a0 A imuniza\u00e7\u00e3o se estender\u00e1 at\u00e9 ter\u00e7a-feira, dia 22 de agosto.<\/p>\n<div id=\"box_texto_noticia\">\n<div>\nPara o processo, ser\u00e3o organizadas duas equipes, compostas por seis Agentes de Combate \u00e0s Endemias cada uma, que percorrer\u00e3o rotas estrategicamente programadas, contemplando toda a extensa zona rural do munic\u00edpio. Est\u00e3o programados postos fixos e m\u00f3veis de vacina\u00e7\u00e3o. Os fixos correspondem \u00e0s \u00e1reas externas das Unidades B\u00e1sicas de Sa\u00fade (UBSs), igrejas, campos de futebol, entroncamentos, escolas, trevos, dentre outros locais bem conhecidos pela popula\u00e7\u00e3o e de f\u00e1cil acesso. J\u00e1 os pontos m\u00f3veis s\u00e3o conhecidos como \u201cbusca ativa\u201d, que correspondem \u00e0s visitas a s\u00edtios, fazendas, propriedades rurais e locais de dif\u00edcil acesso.<\/div>\n<div>\nA vacina antirr\u00e1bica \u00e9 indicada para c\u00e3es e gatos, a partir de tr\u00eas meses de idade, sendo recomendada uma dose ao ano. A vacina\u00e7\u00e3o antirr\u00e1bica animal representa a a\u00e7\u00e3o mais importante na preven\u00e7\u00e3o do aparecimento da doen\u00e7a; seguindo orienta\u00e7\u00e3o do Minist\u00e9rio da Sa\u00fade (MS), a Secretaria Municipal de Sa\u00fade realiza a vacina\u00e7\u00e3o de c\u00e3es e gatos, em fun\u00e7\u00e3o destes animais serem principais transmissores da raiva para o ser humano. Recomendamos aos propriet\u00e1rios de bovinos, equinos, caprinos, ovinos e su\u00ednos que adquiram a vacina e realizem a vacina\u00e7\u00e3o de todos os seus animais, uma vez que a raiva \u00e9 uma doen\u00e7a transmitida por mam\u00edferos.<\/div>\n<div>\nEm rela\u00e7\u00e3o \u00e0 situa\u00e7\u00e3o epidemiol\u00f3gica da doen\u00e7a no munic\u00edpio, cabe destacar que n\u00e3o registramos casos de raiva em c\u00e3es e gatos desde o ano de 1998. Em contrapartida, s\u00e3o registrados casos de raiva em bovinos e equinos, frequentemente na zona rural, transmitida principalmente por morcegos hemat\u00f3fagos.\n<\/div>\n<div>Segundo o m\u00e9dico veterin\u00e1rio e coordenador da Campanha de Vacina\u00e7\u00e3o Antirr\u00e1bica Animal, Jos\u00e9 Geraldo de Castro J\u00fanior, \u201ctal situa\u00e7\u00e3o nos leva a atribuir, empiricamente, o fato de n\u00e3o registrarmos casos de raiva em c\u00e3es e gatos \u00e0s abrangentes campanhas de vacina\u00e7\u00e3o que o munic\u00edpio realiza h\u00e1 v\u00e1rios anos. Infelizmente, alguns propriet\u00e1rios de bovinos e equinos ainda n\u00e3o vacinam seus animais, permitindo que os mesmos fiquem expostos \u00e0 circula\u00e7\u00e3o viral, e ao aparecimento de casos cl\u00ednicos\u201d.\n<\/div>\n<div>A raiva \u00e9 uma zoonose causada por v\u00edrus e transmitida por mam\u00edferos, principalmente c\u00e3es e gatos, cabendo destacar que a transmiss\u00e3o ao homem tamb\u00e9m pode ocorrer atrav\u00e9s de equinos e bovinos, animais silvestres\/morcegos, principalmente na zona rural. A transmiss\u00e3o ocorre atrav\u00e9s de mordeduras, arranhaduras e lambeduras de mucosas, em fun\u00e7\u00e3o do v\u00edrus estar presente na saliva dos animais contaminados.\n<\/div>\n<div>O Hospital de Pronto Socorro (HPS) \u00e9 o local de refer\u00eancia em Juiz de Fora em casos de mordidas\/arranh\u00f5es de c\u00e3es, gatos e outros animais possivelmente contaminados. O servi\u00e7o de soroterapia do HPS \u00e9 refer\u00eancia no tratamento antirr\u00e1bico na regi\u00e3o, para que se avalie a necessidade de aplica\u00e7\u00e3o de vacina e\/ou soro antirr\u00e1bico. Esse \u00e9 um procedimento que representa outra importante a\u00e7\u00e3o na preven\u00e7\u00e3o da doen\u00e7a, al\u00e9m da vacina\u00e7\u00e3o dos animais.\n<\/div>\n<div><strong>Confira a programa\u00e7\u00e3o completa no anexo<\/strong><\/div>\n<\/div>\n<p>&nbsp;<\/p>\n<div class=\"texto_anexo\"><img loading=\"lazy\" decoding=\"async\" src=\"https:\/\/www.pjf.mg.gov.br\/imagens\/clips.jpg\" width=\"22\" height=\"20\" \/>\u00a0<a href=\"https:\/\/www.pjf.mg.gov.br\/noticias\/anexo\/programacaovacina.pdf\" target=\"_blank\" rel=\"noopener\">Veja o anexo<\/a><\/div>\n","protected":false},"excerpt":{"rendered":"<p>Segundo informa\u00e7\u00f5es do site da Prefeitura de Juiz de Fora (PJF), a PJF d\u00e1 in\u00edcio na quarta-feira, dia 2 de agosto, \u00e0 Campanha de Vacina\u00e7\u00e3o Antirr\u00e1bica Animal na Zona Rural do munic\u00edpio.\u00a0 A imuniza\u00e7\u00e3o se estender\u00e1 at\u00e9 ter\u00e7a-feira, dia 22 de agosto. Para o processo, ser\u00e3o organizadas duas equipes, compostas por seis Agentes de Combate [&hellip;]<\/p>\n","protected":false},"author":246,"featured_media":216458,"comment_status":"closed","ping_status":"closed","sticky":false,"template":"","format":"standard","meta":{"footnotes":""},"categories":[253,436,439],"tags":[],"class_list":["post-216457","post","type-post","status-publish","format-standard","has-post-thumbnail","hentry","category-cidade","category-destaque-da-semana","category-ultima-hora"],"_links":{"self":[{"href":"https:\/\/diarioregionaldigital.com.br\/index.php?rest_route=\/wp\/v2\/posts\/216457","targetHints":{"allow":["GET"]}}],"collection":[{"href":"https:\/\/diarioregionaldigital.com.br\/index.php?rest_route=\/wp\/v2\/posts"}],"about":[{"href":"https:\/\/diarioregionaldigital.com.br\/index.php?rest_route=\/wp\/v2\/types\/post"}],"author":[{"embeddable":true,"href":"https:\/\/diarioregionaldigital.com.br\/index.php?rest_route=\/wp\/v2\/users\/246"}],"replies":[{"embeddable":true,"href":"https:\/\/diarioregionaldigital.com.br\/index.php?rest_route=%2Fwp%2Fv2%2Fcomments&post=216457"}],"version-history":[{"count":1,"href":"https:\/\/diarioregionaldigital.com.br\/index.php?rest_route=\/wp\/v2\/posts\/216457\/revisions"}],"predecessor-version":[{"id":216459,"href":"https:\/\/diarioregionaldigital.com.br\/index.php?rest_route=\/wp\/v2\/posts\/216457\/revisions\/216459"}],"wp:featuredmedia":[{"embeddable":true,"href":"https:\/\/diarioregionaldigital.com.br\/index.php?rest_route=\/wp\/v2\/media\/216458"}],"wp:attachment":[{"href":"https:\/\/diarioregionaldigital.com.br\/index.php?rest_route=%2Fwp%2Fv2%2Fmedia&parent=216457"}],"wp:term":[{"taxonomy":"category","embeddable":true,"href":"https:\/\/diarioregionaldigital.com.br\/index.php?rest_route=%2Fwp%2Fv2%2Fcategories&post=216457"},{"taxonomy":"post_tag","embeddable":true,"href":"https:\/\/diarioregionaldigital.com.br\/index.php?rest_route=%2Fwp%2Fv2%2Ftags&post=216457"}],"curies":[{"name":"wp","href":"https:\/\/api.w.org\/{rel}","templated":true}]}}