{"id":216435,"date":"2023-07-25T23:28:20","date_gmt":"2023-07-26T02:28:20","guid":{"rendered":"https:\/\/diarioregionaldigital.com.br\/?p=216435"},"modified":"2023-07-25T23:28:20","modified_gmt":"2023-07-26T02:28:20","slug":"justica-arquiva-acao-de-maria-do-rosario-contra-jair-bolsonaro","status":"publish","type":"post","link":"https:\/\/diarioregionaldigital.com.br\/?p=216435","title":{"rendered":"Justi\u00e7a arquiva a\u00e7\u00e3o de Maria do Ros\u00e1rio contra Jair Bolsonaro"},"content":{"rendered":"<p>A Justi\u00e7a do Distrito Federal decidiu, nesta segunda-feira (24), arquivar a a\u00e7\u00e3o penal na qual o ex-presidente Jair Bolsonaro era r\u00e9u por insultos contra a deputada federal Maria do Ros\u00e1rio (PT-RS). Na decis\u00e3o, o juiz Francisco Antonio Alves de Oliveira verificou que, de acordo com a legisla\u00e7\u00e3o penal, os crimes de cal\u00fania e inj\u00faria imputados ao ex-presidente prescreveram.<img decoding=\"async\" src=\"https:\/\/agenciabrasil.ebc.com.br\/ebc.png?id=1545304&amp;o=node\" \/><img decoding=\"async\" src=\"https:\/\/agenciabrasil.ebc.com.br\/ebc.gif?id=1545304&amp;o=node\" \/><\/p>\n<p>\u201cTendo em vista a data do recebimento da queixa-crime, o per\u00edodo em que o processo permaneceu suspenso, o correspondente prazo prescricional e a pena m\u00e1xima cominada no caso verifica-se a ocorr\u00eancia da prescri\u00e7\u00e3o da pretens\u00e3o punitiva do Estado, uma vez que transcorridos mais de tr\u00eas anos sem que tenham ocorrido outras causas de interrup\u00e7\u00e3o e suspens\u00e3o\u201d, escreveu o magistrado.<\/p>\n<p>No dia 9 de dezembro de 2014, em discurso no plen\u00e1rio da C\u00e2mara dos Deputados, Bolsonaro disse que s\u00f3 n\u00e3o estupraria Maria do Ros\u00e1rio porque \u201cela n\u00e3o merecia\u201d, em uma cr\u00edtica \u00e0 apar\u00eancia da colega de parlamento. No dia seguinte, o ent\u00e3o parlamentar repetiu a declara\u00e7\u00e3o em entrevista ao jornal Zero Hora. Posteriormente, a deputada processou Bolsonaro.<\/p>\n<p>O ex-presidente passou a responder \u00e0s acusa\u00e7\u00f5es no Supremo Tribunal Federal (STF), mas o processo foi suspenso ap\u00f3s ele assumir Presid\u00eancia da Rep\u00fablica, em 2019. Com o fim do mandato e do foro privilegiado, o Supremo determinou que o caso voltasse a tramitar na primeira inst\u00e2ncia da Justi\u00e7a do DF.<\/p>\n<p>A defesa de Bolsonaro alegou que o embate entre Maria do Ros\u00e1rio e Bolsonaro ocorreu dentro do Congresso e deveria ser protegido pela regra constitucional da imunidade parlamentar, que impede a imputa\u00e7\u00e3o criminal quanto \u00e0s suas declara\u00e7\u00f5es.<\/p>\n<p><span style=\"font-weight: 400;\">Fonte: Ag\u00eancia Brasil\u00a0<\/span><span style=\"font-weight: 400;\"><br \/>\n<\/span><\/p>\n","protected":false},"excerpt":{"rendered":"<p>A Justi\u00e7a do Distrito Federal decidiu, nesta segunda-feira (24), arquivar a a\u00e7\u00e3o penal na qual o ex-presidente Jair Bolsonaro era r\u00e9u por insultos contra a deputada federal Maria do Ros\u00e1rio (PT-RS). Na decis\u00e3o, o juiz Francisco Antonio Alves de Oliveira verificou que, de acordo com a legisla\u00e7\u00e3o penal, os crimes de cal\u00fania e inj\u00faria imputados [&hellip;]<\/p>\n","protected":false},"author":246,"featured_media":216436,"comment_status":"closed","ping_status":"closed","sticky":false,"template":"","format":"standard","meta":{"footnotes":""},"categories":[436,254,439],"tags":[],"class_list":["post-216435","post","type-post","status-publish","format-standard","has-post-thumbnail","hentry","category-destaque-da-semana","category-politica","category-ultima-hora"],"_links":{"self":[{"href":"https:\/\/diarioregionaldigital.com.br\/index.php?rest_route=\/wp\/v2\/posts\/216435","targetHints":{"allow":["GET"]}}],"collection":[{"href":"https:\/\/diarioregionaldigital.com.br\/index.php?rest_route=\/wp\/v2\/posts"}],"about":[{"href":"https:\/\/diarioregionaldigital.com.br\/index.php?rest_route=\/wp\/v2\/types\/post"}],"author":[{"embeddable":true,"href":"https:\/\/diarioregionaldigital.com.br\/index.php?rest_route=\/wp\/v2\/users\/246"}],"replies":[{"embeddable":true,"href":"https:\/\/diarioregionaldigital.com.br\/index.php?rest_route=%2Fwp%2Fv2%2Fcomments&post=216435"}],"version-history":[{"count":1,"href":"https:\/\/diarioregionaldigital.com.br\/index.php?rest_route=\/wp\/v2\/posts\/216435\/revisions"}],"predecessor-version":[{"id":216437,"href":"https:\/\/diarioregionaldigital.com.br\/index.php?rest_route=\/wp\/v2\/posts\/216435\/revisions\/216437"}],"wp:featuredmedia":[{"embeddable":true,"href":"https:\/\/diarioregionaldigital.com.br\/index.php?rest_route=\/wp\/v2\/media\/216436"}],"wp:attachment":[{"href":"https:\/\/diarioregionaldigital.com.br\/index.php?rest_route=%2Fwp%2Fv2%2Fmedia&parent=216435"}],"wp:term":[{"taxonomy":"category","embeddable":true,"href":"https:\/\/diarioregionaldigital.com.br\/index.php?rest_route=%2Fwp%2Fv2%2Fcategories&post=216435"},{"taxonomy":"post_tag","embeddable":true,"href":"https:\/\/diarioregionaldigital.com.br\/index.php?rest_route=%2Fwp%2Fv2%2Ftags&post=216435"}],"curies":[{"name":"wp","href":"https:\/\/api.w.org\/{rel}","templated":true}]}}