{"id":216429,"date":"2023-07-25T23:24:12","date_gmt":"2023-07-26T02:24:12","guid":{"rendered":"https:\/\/diarioregionaldigital.com.br\/?p=216429"},"modified":"2023-07-25T23:24:12","modified_gmt":"2023-07-26T02:24:12","slug":"moraes-da-120-dias-para-elaboracao-de-plano-para-populacao-de-rua","status":"publish","type":"post","link":"https:\/\/diarioregionaldigital.com.br\/?p=216429","title":{"rendered":"Moraes d\u00e1 120 dias para elabora\u00e7\u00e3o de plano para popula\u00e7\u00e3o de rua"},"content":{"rendered":"<p>O ministro Alexandre de Moraes, do Supremo Tribunal Federal (STF), deu prazo de 120 dias para o governo federal apresentar um plano nacional para a popula\u00e7\u00e3o de rua.<img decoding=\"async\" src=\"https:\/\/agenciabrasil.ebc.com.br\/ebc.png?id=1545570&amp;o=node\" \/><img decoding=\"async\" src=\"https:\/\/agenciabrasil.ebc.com.br\/ebc.gif?id=1545570&amp;o=node\" \/><\/p>\n<p>A decis\u00e3o do ministro foi motivada por uma a\u00e7\u00e3o protocolada no Supremo por\u00a0PSOL, Rede Sustentabilidade e Movimento dos Trabalhadores Sem Teto (MTST).<\/p>\n<p>Os autores da a\u00e7\u00e3o alegaram omiss\u00e3o do Executivo e Legislativo ao longo do tempo na implementa\u00e7\u00e3o de pol\u00edticas para quem vive nas ruas do pa\u00eds, previstas em um decreto presidencial de 2009.<\/p>\n<p>Na decis\u00e3o, Moraes entendeu que o Judici\u00e1rio deve intervir na quest\u00e3o para promover esfor\u00e7os para impedir a continuidade da viola\u00e7\u00e3o de direitos humanos.<\/p>\n<p>&#8220;A viola\u00e7\u00e3o maci\u00e7a de direitos humanos, a indicar um potencial estado de coisas inconstitucional, impele o Poder Judici\u00e1rio a intervir, a mediar e a promover esfor\u00e7os na reimagina\u00e7\u00e3o de uma estrutura de enfrentamento para as mazelas que, lastimavelmente, caracterizam uma determinada conjuntura, tal qual aquela que se apresenta&#8221;, afirmou.<\/p>\n<p>Na mesma decis\u00e3o, Moraes determinou que estados e munic\u00edpios n\u00e3o podem realizar obras com arquitetura hostil contra a popula\u00e7\u00e3o de rua, recolhimento for\u00e7ado de pertences pessoais e remo\u00e7\u00e3o compuls\u00f3ria de pessoas. Al\u00e9m disso, dever\u00e1 ocorrer capacita\u00e7\u00e3o de agentes para dar tratamento digno aos moradores e divulga\u00e7\u00e3o pr\u00e9via dos hor\u00e1rios de servi\u00e7os de zeladoria.<\/p>\n<p><span style=\"font-weight: 400;\">Fonte: Ag\u00eancia Brasil <\/span><\/p>\n","protected":false},"excerpt":{"rendered":"<p>O ministro Alexandre de Moraes, do Supremo Tribunal Federal (STF), deu prazo de 120 dias para o governo federal apresentar um plano nacional para a popula\u00e7\u00e3o de rua. A decis\u00e3o do ministro foi motivada por uma a\u00e7\u00e3o protocolada no Supremo por\u00a0PSOL, Rede Sustentabilidade e Movimento dos Trabalhadores Sem Teto (MTST). Os autores da a\u00e7\u00e3o alegaram [&hellip;]<\/p>\n","protected":false},"author":246,"featured_media":216430,"comment_status":"closed","ping_status":"closed","sticky":false,"template":"","format":"standard","meta":{"footnotes":""},"categories":[436,254,439],"tags":[],"class_list":["post-216429","post","type-post","status-publish","format-standard","has-post-thumbnail","hentry","category-destaque-da-semana","category-politica","category-ultima-hora"],"_links":{"self":[{"href":"https:\/\/diarioregionaldigital.com.br\/index.php?rest_route=\/wp\/v2\/posts\/216429","targetHints":{"allow":["GET"]}}],"collection":[{"href":"https:\/\/diarioregionaldigital.com.br\/index.php?rest_route=\/wp\/v2\/posts"}],"about":[{"href":"https:\/\/diarioregionaldigital.com.br\/index.php?rest_route=\/wp\/v2\/types\/post"}],"author":[{"embeddable":true,"href":"https:\/\/diarioregionaldigital.com.br\/index.php?rest_route=\/wp\/v2\/users\/246"}],"replies":[{"embeddable":true,"href":"https:\/\/diarioregionaldigital.com.br\/index.php?rest_route=%2Fwp%2Fv2%2Fcomments&post=216429"}],"version-history":[{"count":1,"href":"https:\/\/diarioregionaldigital.com.br\/index.php?rest_route=\/wp\/v2\/posts\/216429\/revisions"}],"predecessor-version":[{"id":216431,"href":"https:\/\/diarioregionaldigital.com.br\/index.php?rest_route=\/wp\/v2\/posts\/216429\/revisions\/216431"}],"wp:featuredmedia":[{"embeddable":true,"href":"https:\/\/diarioregionaldigital.com.br\/index.php?rest_route=\/wp\/v2\/media\/216430"}],"wp:attachment":[{"href":"https:\/\/diarioregionaldigital.com.br\/index.php?rest_route=%2Fwp%2Fv2%2Fmedia&parent=216429"}],"wp:term":[{"taxonomy":"category","embeddable":true,"href":"https:\/\/diarioregionaldigital.com.br\/index.php?rest_route=%2Fwp%2Fv2%2Fcategories&post=216429"},{"taxonomy":"post_tag","embeddable":true,"href":"https:\/\/diarioregionaldigital.com.br\/index.php?rest_route=%2Fwp%2Fv2%2Ftags&post=216429"}],"curies":[{"name":"wp","href":"https:\/\/api.w.org\/{rel}","templated":true}]}}