{"id":216423,"date":"2023-07-25T23:18:01","date_gmt":"2023-07-26T02:18:01","guid":{"rendered":"https:\/\/diarioregionaldigital.com.br\/?p=216423"},"modified":"2023-07-25T23:18:01","modified_gmt":"2023-07-26T02:18:01","slug":"obras-com-recursos-do-fgts-atenderam-29-milhoes-de-pessoas","status":"publish","type":"post","link":"https:\/\/diarioregionaldigital.com.br\/?p=216423","title":{"rendered":"Obras com recursos do FGTS atenderam 2,9 milh\u00f5es de pessoas"},"content":{"rendered":"<p>Em 2022, o financiamento de projetos de habita\u00e7\u00e3o, saneamento b\u00e1sico e infraestrutura urbana com recursos do Fundo de Garantia do Tempo de Servi\u00e7o (FGTS) beneficiou a mais de 2,91 milh\u00f5es de pessoas em todo o Brasil, estimulando a cria\u00e7\u00e3o de cerca de 2,18 milh\u00f5es de postos de trabalho.<img decoding=\"async\" src=\"https:\/\/agenciabrasil.ebc.com.br\/ebc.png?id=1545436&amp;o=node\" \/><img decoding=\"async\" src=\"https:\/\/agenciabrasil.ebc.com.br\/ebc.gif?id=1545436&amp;o=node\" \/><\/p>\n<p>Embora j\u00e1 estivessem dispon\u00edveis, os dados relativos aos projetos executados com recursos do fundo foram detalhados pelo Minist\u00e9rio das Cidades, durante reuni\u00e3o do Conselho Curador do FGTS, na manh\u00e3 desta ter\u00e7a-feira (25).<\/p>\n<p>Dos R$ 83,788 bilh\u00f5es do FGTS que o conselho autorizou o governo federal a investir em projetos habitacionais, de saneamento e infraestrutura urbana ao longo do ano passado, foram executados pouco mais de R$ 65,309 bilh\u00f5es, ou 78% do valor total.<\/p>\n<p>Na \u00e1rea habitacional, a execu\u00e7\u00e3o chegou a 89%, totalizando um investimento de R$ 61,626 bilh\u00f5es do or\u00e7amento total de R$ 68,870 bilh\u00f5es, o que, segundo o Minist\u00e9rio das Cidades, fomentou a gera\u00e7\u00e3o de 2.094.408 empregos e beneficiou a 383.366 fam\u00edlias.<\/p>\n<p>Considerando apenas o segmento habitacional popular, o resultado foi a produ\u00e7\u00e3o de 370.826 unidades habitacionais, com uma execu\u00e7\u00e3o de R$ 58,70 bilh\u00f5es com destaque para a execu\u00e7\u00e3o para as menores faixas de renda, do Grupo 1, rendimento de at\u00e9 R$ 2.400, e Grupo 2, rendimento de R$ 2.400 a R$ 4.400.<\/p>\n<p>Outro destaque \u00e9 a execu\u00e7\u00e3o de 82% do or\u00e7amento destinado ao Pr\u00f3-Cotista, a linha de financiamento habitacional com recursos do FGTS oferecida pelo Banco do Brasil e pela Caixa Econ\u00f4mica Federal a trabalhadores que t\u00eam contas vinculadas ao fundo.<\/p>\n<p>Segundo o coordenador-geral de Gest\u00e3o do FGTS e Colegiados, do Minist\u00e9rio das Cidades, Rog\u00e9rio Borges Marques, ao longo do ano passado foram investidos cerca de R$ 2,886 bilh\u00f5es, ou 82% dos R$ 3,541 bilh\u00f5es destinados ao Pr\u00f3-Cotista. Com isso, foram atendidas 12.540 fam\u00edlias e gerados 101.967 empregos.<\/p>\n<p>J\u00e1 a execu\u00e7\u00e3o do montante destinado a projetos de saneamento b\u00e1sico alcan\u00e7ou, na m\u00e9dia, apenas 37% do total previsto, o que equivale a pouco mais de R$ 1,739 bilh\u00f5es dos R$ 4,70 bilh\u00f5es.<\/p>\n<p>Criado em 2005, para melhorar as condi\u00e7\u00f5es de sa\u00fade e a qualidade de vida da popula\u00e7\u00e3o urbana e rural, o programa Saneamento Para Todos disponibiliza financiamento para empreendimentos do setor p\u00fablico ou privado.<\/p>\n<p>Neste segmento, enquanto a execu\u00e7\u00e3o do setor p\u00fablico &#8211; estados, munic\u00edpios, Distrito Federal, concession\u00e1rias p\u00fablicas de saneamento, cons\u00f3rcios p\u00fablicos de direito p\u00fablico e empresas p\u00fablicas n\u00e3o dependentes &#8211; atingiu 32%, enquanto a execu\u00e7\u00e3o dos financiamentos contratados pelo setor privado totalizaram 50% do montante investido no setor.<\/p>\n<p>\u201cEm 2022, j\u00e1 come\u00e7amos a observar o reflexo das medidas do Marco Legal do Saneamento. A tend\u00eancia \u00e9 que, em 2023, tenhamos uma execu\u00e7\u00e3o ainda maior\u201d, disse Marques, acrescentando que os investimentos em projetos que contaram com a participa\u00e7\u00e3o da iniciativa privada beneficiaram a 1.779.759 pessoas em todo o Brasil.<\/p>\n<p><span style=\"font-weight: 400;\">Fonte: Ag\u00eancia Brasil <\/span><\/p>\n","protected":false},"excerpt":{"rendered":"<p>Em 2022, o financiamento de projetos de habita\u00e7\u00e3o, saneamento b\u00e1sico e infraestrutura urbana com recursos do Fundo de Garantia do Tempo de Servi\u00e7o (FGTS) beneficiou a mais de 2,91 milh\u00f5es de pessoas em todo o Brasil, estimulando a cria\u00e7\u00e3o de cerca de 2,18 milh\u00f5es de postos de trabalho. Embora j\u00e1 estivessem dispon\u00edveis, os dados relativos [&hellip;]<\/p>\n","protected":false},"author":246,"featured_media":216424,"comment_status":"closed","ping_status":"closed","sticky":false,"template":"","format":"standard","meta":{"footnotes":""},"categories":[436,261,439],"tags":[],"class_list":["post-216423","post","type-post","status-publish","format-standard","has-post-thumbnail","hentry","category-destaque-da-semana","category-economia","category-ultima-hora"],"_links":{"self":[{"href":"https:\/\/diarioregionaldigital.com.br\/index.php?rest_route=\/wp\/v2\/posts\/216423","targetHints":{"allow":["GET"]}}],"collection":[{"href":"https:\/\/diarioregionaldigital.com.br\/index.php?rest_route=\/wp\/v2\/posts"}],"about":[{"href":"https:\/\/diarioregionaldigital.com.br\/index.php?rest_route=\/wp\/v2\/types\/post"}],"author":[{"embeddable":true,"href":"https:\/\/diarioregionaldigital.com.br\/index.php?rest_route=\/wp\/v2\/users\/246"}],"replies":[{"embeddable":true,"href":"https:\/\/diarioregionaldigital.com.br\/index.php?rest_route=%2Fwp%2Fv2%2Fcomments&post=216423"}],"version-history":[{"count":1,"href":"https:\/\/diarioregionaldigital.com.br\/index.php?rest_route=\/wp\/v2\/posts\/216423\/revisions"}],"predecessor-version":[{"id":216425,"href":"https:\/\/diarioregionaldigital.com.br\/index.php?rest_route=\/wp\/v2\/posts\/216423\/revisions\/216425"}],"wp:featuredmedia":[{"embeddable":true,"href":"https:\/\/diarioregionaldigital.com.br\/index.php?rest_route=\/wp\/v2\/media\/216424"}],"wp:attachment":[{"href":"https:\/\/diarioregionaldigital.com.br\/index.php?rest_route=%2Fwp%2Fv2%2Fmedia&parent=216423"}],"wp:term":[{"taxonomy":"category","embeddable":true,"href":"https:\/\/diarioregionaldigital.com.br\/index.php?rest_route=%2Fwp%2Fv2%2Fcategories&post=216423"},{"taxonomy":"post_tag","embeddable":true,"href":"https:\/\/diarioregionaldigital.com.br\/index.php?rest_route=%2Fwp%2Fv2%2Ftags&post=216423"}],"curies":[{"name":"wp","href":"https:\/\/api.w.org\/{rel}","templated":true}]}}