{"id":216368,"date":"2023-07-21T19:19:19","date_gmt":"2023-07-21T22:19:19","guid":{"rendered":"https:\/\/diarioregionaldigital.com.br\/?p=216368"},"modified":"2023-07-21T19:19:19","modified_gmt":"2023-07-21T22:19:19","slug":"itens-arrecadados-no-espetaculo-fragmentos-sao-entregues-para-instituicao-filantropica","status":"publish","type":"post","link":"https:\/\/diarioregionaldigital.com.br\/?p=216368","title":{"rendered":"Itens arrecadados no espet\u00e1culo \u201cFragmentos\u201d s\u00e3o entregues para institui\u00e7\u00e3o filantr\u00f3pica"},"content":{"rendered":"<p>Segundo informa\u00e7\u00f5es do site da Prefeitura de Juiz de Fora (PJF), o\u00a0Programa de Atividade F\u00edsica e Qualidade de Vida (PAFQV) da Prefeitura de Juiz de Fora (PJF) realizou a entrega dos itens doados durante o \u201cDan\u00e7ando o bem\u201d, promovido pelo PAFQV em junho com o espet\u00e1culo \u201cFragmentos\u201d, quando os convites s\u00e3o trocados por itens que s\u00e3o doados para entidades assistenciais. Foram arrecadados 128 pacotes de p\u00f3 de caf\u00e9 e 103 vidros de ado\u00e7antes, que foram entregues ao Abrigo Santa Helena.<\/p>\n<p>&nbsp;<\/p>\n<div>\u201cMais uma vez, o PAFQV foi al\u00e9m de seus benef\u00edcios f\u00edsicos e mentais, extrapolando as aulas de gin\u00e1stica e dan\u00e7a para trabalhar tamb\u00e9m a empatia e a solidariedade dos servidores ao promover mais uma edi\u00e7\u00e3o do \u2018Dan\u00e7ando o bem\u2019, com a doa\u00e7\u00e3o de caf\u00e9 e ado\u00e7antes que ir\u00e3o aquecer e ado\u00e7ar os dias frios desses idosos\u201d, avaliou a coordenadora do PAFQV, L\u00facia Coelho. \u201cEm agosto est\u00e1 prevista uma visita dos servidores ao Abrigo Santa Helena, levando, dessa vez, muita m\u00fasica e alegria para esses idosos, atrav\u00e9s de uma apresenta\u00e7\u00e3o de dan\u00e7a que faremos para eles\u201d, completou.<\/div>\n<p>&nbsp;<\/p>\n<div>O espet\u00e1culo \u201cFragmentos\u201d foi realizado em 30 de junho, no Teatro Paschoal Carlos Magno, e contou com 19 coreografias, envolvendo bolero, ioga, sertanejo, pilates, merengue, dan\u00e7as brasileiras, soltinho, zumba, treinamento funcional, valsa, entre outras. Promovido pelo PAFQV, desenvolvido pela Secretaria de Recursos Humanos (SRH) da PJF. Com participa\u00e7\u00e3o especial da Cia de dan\u00e7as de sal\u00e3o P\u00e9s de Valsa, da Universidade Federal de Juiz de Fora (UFJF), o espet\u00e1culo levou ao palco figurinos, movimentos, passos e exerc\u00edcios utilizados no cotidiano das aulas e apresenta\u00e7\u00f5es do PAFQV.<\/div>\n<p>&nbsp;<\/p>\n<div>\n<\/div>\n","protected":false},"excerpt":{"rendered":"<p>Segundo informa\u00e7\u00f5es do site da Prefeitura de Juiz de Fora (PJF), o\u00a0Programa de Atividade F\u00edsica e Qualidade de Vida (PAFQV) da Prefeitura de Juiz de Fora (PJF) realizou a entrega dos itens doados durante o \u201cDan\u00e7ando o bem\u201d, promovido pelo PAFQV em junho com o espet\u00e1culo \u201cFragmentos\u201d, quando os convites s\u00e3o trocados por itens que [&hellip;]<\/p>\n","protected":false},"author":246,"featured_media":216369,"comment_status":"closed","ping_status":"closed","sticky":false,"template":"","format":"standard","meta":{"footnotes":""},"categories":[253,436,439],"tags":[],"class_list":["post-216368","post","type-post","status-publish","format-standard","has-post-thumbnail","hentry","category-cidade","category-destaque-da-semana","category-ultima-hora"],"_links":{"self":[{"href":"https:\/\/diarioregionaldigital.com.br\/index.php?rest_route=\/wp\/v2\/posts\/216368","targetHints":{"allow":["GET"]}}],"collection":[{"href":"https:\/\/diarioregionaldigital.com.br\/index.php?rest_route=\/wp\/v2\/posts"}],"about":[{"href":"https:\/\/diarioregionaldigital.com.br\/index.php?rest_route=\/wp\/v2\/types\/post"}],"author":[{"embeddable":true,"href":"https:\/\/diarioregionaldigital.com.br\/index.php?rest_route=\/wp\/v2\/users\/246"}],"replies":[{"embeddable":true,"href":"https:\/\/diarioregionaldigital.com.br\/index.php?rest_route=%2Fwp%2Fv2%2Fcomments&post=216368"}],"version-history":[{"count":1,"href":"https:\/\/diarioregionaldigital.com.br\/index.php?rest_route=\/wp\/v2\/posts\/216368\/revisions"}],"predecessor-version":[{"id":216370,"href":"https:\/\/diarioregionaldigital.com.br\/index.php?rest_route=\/wp\/v2\/posts\/216368\/revisions\/216370"}],"wp:featuredmedia":[{"embeddable":true,"href":"https:\/\/diarioregionaldigital.com.br\/index.php?rest_route=\/wp\/v2\/media\/216369"}],"wp:attachment":[{"href":"https:\/\/diarioregionaldigital.com.br\/index.php?rest_route=%2Fwp%2Fv2%2Fmedia&parent=216368"}],"wp:term":[{"taxonomy":"category","embeddable":true,"href":"https:\/\/diarioregionaldigital.com.br\/index.php?rest_route=%2Fwp%2Fv2%2Fcategories&post=216368"},{"taxonomy":"post_tag","embeddable":true,"href":"https:\/\/diarioregionaldigital.com.br\/index.php?rest_route=%2Fwp%2Fv2%2Ftags&post=216368"}],"curies":[{"name":"wp","href":"https:\/\/api.w.org\/{rel}","templated":true}]}}