{"id":216364,"date":"2023-07-21T19:17:43","date_gmt":"2023-07-21T22:17:43","guid":{"rendered":"https:\/\/diarioregionaldigital.com.br\/?p=216364"},"modified":"2023-07-21T19:17:43","modified_gmt":"2023-07-21T22:17:43","slug":"prefeitura-lanca-edital-para-pintura-da-ponte-leopoldina","status":"publish","type":"post","link":"https:\/\/diarioregionaldigital.com.br\/?p=216364","title":{"rendered":"Prefeitura lan\u00e7a edital para pintura da Ponte Leopoldina"},"content":{"rendered":"<p>Segundo informa\u00e7\u00f5es do site da Prefeitura de Juiz de Fora (PJF), nesta sexta-feira, 21, o <a href=\"https:\/\/www.instagram.com\/bonitezapjf\/\"><strong>Programa Boniteza<\/strong><\/a>\u00a0da Prefeitura de Juiz de Fora (PJF) lan\u00e7ou o edital \u201cAcupuntura Urbana &#8211; Arte na ponte\u201d, que vai viabilizar a pintura da ponte Leopoldina, localizada na Av Brasil, e tamb\u00e9m do caminho que d\u00e1 acesso at\u00e9 a Casa da Mulher, na Av. Garibaldi Campinhos, 169, bairro Vitorino Braga.<\/p>\n<div id=\"box_texto_noticia\">\n<p>&nbsp;<\/p>\n<p>\u201cTrata-se de uma participa\u00e7\u00e3o do poder legislativo nessa atividade de recupera\u00e7\u00e3o da cidade. Se chama Acupuntura Urbana porque buscamos os suspiros urbanos. Efetivamente a cidade da maneira como ela se implanta, especialmente\u00a0 nas suas \u00e1reas centrais, acaba sendo um espa\u00e7o opressivo, sem respiro, sem oportunidades e de individualiza\u00e7\u00e3o. \u00c9 de grande valia, da compreens\u00e3o da cidade, como um espa\u00e7o democratico, um espa\u00e7o em que todos tenham express\u00e3o. E tanto melhor que estamos fazendo pelas vozes das mulheres e pela beleza gerada neste projeto\u201d, aponta a prefeita Margarida Salom\u00e3o.<br \/>\nA iniciativa vai premiar um projeto de arte desenvolvido por artistas do g\u00eanero feminino nos estilos de graffiti, street art, muralismo, entre outras modalidades. O projeto planeja a pintura da Ponte Leopoldina, que \u00e9 um local de alto fluxo de travessia de pedestres e a \u00fanica ponte na cidade que homenageia uma figura feminina, contemplando o percurso da ponte at\u00e9 a Casa da Mulher, importante equipamento p\u00fablico voltado para atendimento humanizado e acolhimento de mulheres em situa\u00e7\u00e3o de viol\u00eancia dom\u00e9stica.<br \/>\nDentre as artistas visuais urbanas interessadas em participar do edital, uma ser\u00e1 premiada pela melhor proposta de atividade que ser\u00e1 executada na Ponte Leopoldina, permitindo ao p\u00fablico o acesso gratuito ao conte\u00fado art\u00edstico e cultural.\u00a0 Desta forma, a artista premiada receber\u00e1 o valor bruto de R$20 mil para executar as interven\u00e7\u00f5es. O recurso para a iniciativa foi destinado pela vereadora Laiz Perrut, via emenda parlamentar. A vereadora destacou que foram muitos encontros para o projeto sair do papel atrav\u00e9s do edital, e ressalta a sua import\u00e2ncia. \u201cUm projeto para colorir a cidade. N\u00f3s defendemos a cultura,\u00a0 uma cidade mais bonita, mais colorida, que n\u00e3o seja s\u00f3 muros e pr\u00e9dios. A cidade vai ganhar cor atrav\u00e9s das nossas artistas.\u201d<br \/>\nA\u00a0 coordenadora do projeto,<strong>\u00a0<\/strong>Julia Daibert, comenta sobre essa iniciativa. \u201cO projeto est\u00e1 dentro do Programa Boniteza, e esse em especial \u00e9 muito importante para mim como mulher. Estar no mandato governado por uma mulher, com uma vereadora enviando verba para a \u00fanica ponte que homenageia uma mulher em Juiz de Fora. Um edital s\u00f3 para artistas mulheres e com o tema de poder feminino. E para melhorar mais ainda a gente vai conectar o piso da ponte at\u00e9 a Casa da Mulher\u201d.<br \/>\nAs inscri\u00e7\u00f5es podem ser realizadas entre os dias 22 de julho a 5 de setembro de 2023 at\u00e9 \u00e0s 18h, por meio do portal da\u00a0<a href=\"https:\/\/www.pjf.mg.gov.br\/agil\/\">Prefeitura \u00c1gil<\/a>. Durante os dias 6 a 13 de setembro, os projetos ser\u00e3o avaliados por uma banca julgadora indicada no edital. J\u00e1 no dia 14 de setembro, os resultados preliminares ser\u00e3o divulgados e o resultado final ser\u00e1 no dia 18 de setembro.\u00a0 Poder\u00e3o participar deste edital mulheres, pessoa f\u00edsica ou jur\u00eddica, com experi\u00eancia comprovada no desenvolvimento de atividades relacionadas \u00e0 produ\u00e7\u00e3o art\u00edstica e\/ou cultural no munic\u00edpio<\/p>\n<\/div>\n<p>&nbsp;<\/p>\n<div id=\"box_compartilhar\" align=\"right\"><\/div>\n","protected":false},"excerpt":{"rendered":"<p>Segundo informa\u00e7\u00f5es do site da Prefeitura de Juiz de Fora (PJF), nesta sexta-feira, 21, o Programa Boniteza\u00a0da Prefeitura de Juiz de Fora (PJF) lan\u00e7ou o edital \u201cAcupuntura Urbana &#8211; Arte na ponte\u201d, que vai viabilizar a pintura da ponte Leopoldina, localizada na Av Brasil, e tamb\u00e9m do caminho que d\u00e1 acesso at\u00e9 a Casa da [&hellip;]<\/p>\n","protected":false},"author":246,"featured_media":216366,"comment_status":"closed","ping_status":"closed","sticky":false,"template":"","format":"standard","meta":{"footnotes":""},"categories":[253,436,440,439],"tags":[],"class_list":["post-216364","post","type-post","status-publish","format-standard","has-post-thumbnail","hentry","category-cidade","category-destaque-da-semana","category-destaques-do-dia","category-ultima-hora"],"_links":{"self":[{"href":"https:\/\/diarioregionaldigital.com.br\/index.php?rest_route=\/wp\/v2\/posts\/216364","targetHints":{"allow":["GET"]}}],"collection":[{"href":"https:\/\/diarioregionaldigital.com.br\/index.php?rest_route=\/wp\/v2\/posts"}],"about":[{"href":"https:\/\/diarioregionaldigital.com.br\/index.php?rest_route=\/wp\/v2\/types\/post"}],"author":[{"embeddable":true,"href":"https:\/\/diarioregionaldigital.com.br\/index.php?rest_route=\/wp\/v2\/users\/246"}],"replies":[{"embeddable":true,"href":"https:\/\/diarioregionaldigital.com.br\/index.php?rest_route=%2Fwp%2Fv2%2Fcomments&post=216364"}],"version-history":[{"count":1,"href":"https:\/\/diarioregionaldigital.com.br\/index.php?rest_route=\/wp\/v2\/posts\/216364\/revisions"}],"predecessor-version":[{"id":216367,"href":"https:\/\/diarioregionaldigital.com.br\/index.php?rest_route=\/wp\/v2\/posts\/216364\/revisions\/216367"}],"wp:featuredmedia":[{"embeddable":true,"href":"https:\/\/diarioregionaldigital.com.br\/index.php?rest_route=\/wp\/v2\/media\/216366"}],"wp:attachment":[{"href":"https:\/\/diarioregionaldigital.com.br\/index.php?rest_route=%2Fwp%2Fv2%2Fmedia&parent=216364"}],"wp:term":[{"taxonomy":"category","embeddable":true,"href":"https:\/\/diarioregionaldigital.com.br\/index.php?rest_route=%2Fwp%2Fv2%2Fcategories&post=216364"},{"taxonomy":"post_tag","embeddable":true,"href":"https:\/\/diarioregionaldigital.com.br\/index.php?rest_route=%2Fwp%2Fv2%2Ftags&post=216364"}],"curies":[{"name":"wp","href":"https:\/\/api.w.org\/{rel}","templated":true}]}}