{"id":216361,"date":"2023-07-21T19:11:05","date_gmt":"2023-07-21T22:11:05","guid":{"rendered":"https:\/\/diarioregionaldigital.com.br\/?p=216361"},"modified":"2023-07-21T19:11:05","modified_gmt":"2023-07-21T22:11:05","slug":"brasil-garante-vagas-no-tiro-com-arco-paralimpico-em-paris-2024","status":"publish","type":"post","link":"https:\/\/diarioregionaldigital.com.br\/?p=216361","title":{"rendered":"Brasil garante vagas no tiro com arco paral\u00edmpico em Paris 2024"},"content":{"rendered":"<p>O Brasil garantiu duas vagas na prova do tiro com arco dos Jogos Paral\u00edmpicos de 2024, que ser\u00e3o disputados em Paris, na Fran\u00e7a, com Jane Karla e Reinaldo Char\u00e3o. A classifica\u00e7\u00e3o foi obtida durante o Mundial da modalidade, realizado em Pilsen, na Rep\u00fablica Tcheca, na nessa quarta-feira (19).\u00a0<img decoding=\"async\" src=\"https:\/\/agenciabrasil.ebc.com.br\/ebc.png?id=1544607&amp;o=node\" \/><img decoding=\"async\" src=\"https:\/\/agenciabrasil.ebc.com.br\/ebc.gif?id=1544607&amp;o=node\" \/><\/p>\n<p>As vagas brasileiras &#8211; para o Composto Feminino Open e para o Composto Masculino Open &#8211; foram alcan\u00e7adas quando Jane Karla e Reinaldo Char\u00e3o se classificaram para a final da prova de Equipe Mista Composto Open.<\/p>\n<h2>Decis\u00e3o<\/h2>\n<p>A vaga na decis\u00e3o &#8211; a ser disputada no pr\u00f3ximo s\u00e1bado (22) &#8211; veio ap\u00f3s os brasileiros encerrarem a fase classificat\u00f3ria da competi\u00e7\u00e3o na terceira posi\u00e7\u00e3o com 1.370 pontos. A \u00cdndia ficou em primeiro na classificat\u00f3ria com 1.398 pontos, enquanto a China obteve o segundo lugar com 1.388 pontos.<\/p>\n<p>Com essas duas vagas no tiro com arco, agora o Brasil tem presen\u00e7a garantida em quatro modalidades nos Jogos Paral\u00edmpicos:\u00a0<em>goalball<\/em>\u00a0masculino, v\u00f4lei sentado masculino e feminino, ciclismo (pista ou estrada) e o pr\u00f3prio tiro com arco.<\/p>\n<p><span style=\"font-weight: 400;\"><br \/>\n<\/span><span style=\"font-weight: 400;\">Fonte: Ag\u00eancia Brasil\u00a0<\/span><span style=\"font-weight: 400;\"><br \/>\n<\/span><\/p>\n","protected":false},"excerpt":{"rendered":"<p>O Brasil garantiu duas vagas na prova do tiro com arco dos Jogos Paral\u00edmpicos de 2024, que ser\u00e3o disputados em Paris, na Fran\u00e7a, com Jane Karla e Reinaldo Char\u00e3o. A classifica\u00e7\u00e3o foi obtida durante o Mundial da modalidade, realizado em Pilsen, na Rep\u00fablica Tcheca, na nessa quarta-feira (19).\u00a0 As vagas brasileiras &#8211; para o Composto [&hellip;]<\/p>\n","protected":false},"author":246,"featured_media":216362,"comment_status":"closed","ping_status":"closed","sticky":false,"template":"","format":"standard","meta":{"footnotes":""},"categories":[436,257,439],"tags":[],"class_list":["post-216361","post","type-post","status-publish","format-standard","has-post-thumbnail","hentry","category-destaque-da-semana","category-esporte","category-ultima-hora"],"_links":{"self":[{"href":"https:\/\/diarioregionaldigital.com.br\/index.php?rest_route=\/wp\/v2\/posts\/216361","targetHints":{"allow":["GET"]}}],"collection":[{"href":"https:\/\/diarioregionaldigital.com.br\/index.php?rest_route=\/wp\/v2\/posts"}],"about":[{"href":"https:\/\/diarioregionaldigital.com.br\/index.php?rest_route=\/wp\/v2\/types\/post"}],"author":[{"embeddable":true,"href":"https:\/\/diarioregionaldigital.com.br\/index.php?rest_route=\/wp\/v2\/users\/246"}],"replies":[{"embeddable":true,"href":"https:\/\/diarioregionaldigital.com.br\/index.php?rest_route=%2Fwp%2Fv2%2Fcomments&post=216361"}],"version-history":[{"count":1,"href":"https:\/\/diarioregionaldigital.com.br\/index.php?rest_route=\/wp\/v2\/posts\/216361\/revisions"}],"predecessor-version":[{"id":216363,"href":"https:\/\/diarioregionaldigital.com.br\/index.php?rest_route=\/wp\/v2\/posts\/216361\/revisions\/216363"}],"wp:featuredmedia":[{"embeddable":true,"href":"https:\/\/diarioregionaldigital.com.br\/index.php?rest_route=\/wp\/v2\/media\/216362"}],"wp:attachment":[{"href":"https:\/\/diarioregionaldigital.com.br\/index.php?rest_route=%2Fwp%2Fv2%2Fmedia&parent=216361"}],"wp:term":[{"taxonomy":"category","embeddable":true,"href":"https:\/\/diarioregionaldigital.com.br\/index.php?rest_route=%2Fwp%2Fv2%2Fcategories&post=216361"},{"taxonomy":"post_tag","embeddable":true,"href":"https:\/\/diarioregionaldigital.com.br\/index.php?rest_route=%2Fwp%2Fv2%2Ftags&post=216361"}],"curies":[{"name":"wp","href":"https:\/\/api.w.org\/{rel}","templated":true}]}}