{"id":216358,"date":"2023-07-21T19:07:41","date_gmt":"2023-07-21T22:07:41","guid":{"rendered":"https:\/\/diarioregionaldigital.com.br\/?p=216358"},"modified":"2023-07-21T19:07:41","modified_gmt":"2023-07-21T22:07:41","slug":"espanha-e-suica-estreiam-com-vitoria-na-copa-do-mundo-feminina","status":"publish","type":"post","link":"https:\/\/diarioregionaldigital.com.br\/?p=216358","title":{"rendered":"Espanha e Su\u00ed\u00e7a estreiam com vit\u00f3ria na Copa do Mundo Feminina"},"content":{"rendered":"<p>As sele\u00e7\u00f5es de Espanha e Su\u00ed\u00e7a sa\u00edram na frente na busca por um t\u00edtulo in\u00e9dito na Copa do Mundo feminina de futebol. Na madrugada desta sexta-feira (21), as\u00a0espanholas aplicaram 3 a 0 na equipe da Costa-Rica, pelo Grupo C, e a Su\u00ed\u00e7a ganhou por 2 a 0 da Finl\u00e2ndia, e passou a liderar a chave A. Fechando a primeira rodada do Grupo B, a Nig\u00e9ria empatou sem gols com o Canad\u00e1, atual campe\u00e3o ol\u00edmpico.\u00a0<img decoding=\"async\" src=\"https:\/\/agenciabrasil.ebc.com.br\/ebc.png?id=1544810&amp;o=node\" \/><img decoding=\"async\" src=\"https:\/\/agenciabrasil.ebc.com.br\/ebc.gif?id=1544810&amp;o=node\" \/><\/p>\n<p>As espanholas sobraram no primeiro tempo contra as costarriquenhas no est\u00e1dio Dunedin, na Nova Zel\u00e2ndia,\u00a0e ainda contaram com a sorte do gol contra, aos\u00a0 21 minutos, de Valeria del Campo. Depois, em apenas seis minutos, a Espanha balan\u00e7ou a rede duas vezes: Aitana Bonmati e Esther Gonz\u00e1lez. A vantagem espanhola poderia ser ainda maior, com um p\u00eanalti a favor da Espanha aos 30 minutos, mas a goleira Solera evitou a goleada ao defender a cobran\u00e7a da jogadora Hermoso.<\/p>\n<p>Com ampla vantagem, as espanholas administraram o resultado ap\u00f3s intervalo. A meia-atacante espanhola Alexia Putellas, estrela da sele\u00e7\u00e3o &#8211; \u00e9 bicampe\u00e3 da Bola de Ouro (premia\u00e7\u00e3o da revista France Football) &#8211;\u00a0 ficou passou boa parte do jogo no banco, mas pode finalmente estrear ao entrar ao entra em campo aos 31 minutos da etapa final.<\/p>\n<h2>Su\u00ed\u00e7a bate Finl\u00e2ndia e lidera Grupo A<\/h2>\n<p>A Su\u00ed\u00e7a buscou o gol desde o in\u00edcio do jogo, mas precisou de tempo para furar o esquema defensivo das Filipinas. As asi\u00e1ticas quase abrem o placar aos 15 minutos, com Guillou, mas o gol foi anulado por impedimento.\u00a0 J\u00e1 aos 45 minutos, a Su\u00ed\u00e7a balan\u00e7ou a rede em combran\u00e7a de de Ramona Bachmann, ap\u00f3s p\u00eanalti sofrido por Sow. Ap\u00f3s o intervalo, as su\u00ed\u00e7as ampliaram aos 19 minutos, com Seraina Piubel, que atenta aproveitou o rebote da goleira para selar o triunfo por 2 a 0, que colocou o pa\u00eds na lideran\u00e7a do Grupo A (\u00e0 frente da anfitri\u00e3 Nova Zel\u00e2ndia no saldo de gols).<\/p>\n<h2>\u00daltimo duelo desta sexta ser\u00e1 EUA x Vietn\u00e3 \u00e0s 22h<\/h2>\n<p>Tetracampe\u00e3 mundial, a\u00a0sele\u00e7\u00e3o norte-americana\u00a0encara o estreante Vietn\u00e3\u00a0pelo Grupo E, \u00e0s\u00a022h\u00a0no est\u00e1dio Eden Park, em Auckland (Nova Zel\u00e2ndia), onde ocorreu a abertura do Mundial. Os Estados Unidos lideram o ranking mundial da Fifa, enquanto o Vietn\u00e3 ocupa a 32\u00aa posi\u00e7\u00e3o. A chave E tem ainda Holanda e Portugal.<\/p>\n<p><span style=\"font-weight: 400;\">Fonte: Ag\u00eancia Brasil\u00a0<\/span><span style=\"font-weight: 400;\"><br \/>\n<\/span><\/p>\n","protected":false},"excerpt":{"rendered":"<p>As sele\u00e7\u00f5es de Espanha e Su\u00ed\u00e7a sa\u00edram na frente na busca por um t\u00edtulo in\u00e9dito na Copa do Mundo feminina de futebol. Na madrugada desta sexta-feira (21), as\u00a0espanholas aplicaram 3 a 0 na equipe da Costa-Rica, pelo Grupo C, e a Su\u00ed\u00e7a ganhou por 2 a 0 da Finl\u00e2ndia, e passou a liderar a chave [&hellip;]<\/p>\n","protected":false},"author":246,"featured_media":216359,"comment_status":"closed","ping_status":"closed","sticky":false,"template":"","format":"standard","meta":{"footnotes":""},"categories":[436,257,439],"tags":[],"class_list":["post-216358","post","type-post","status-publish","format-standard","has-post-thumbnail","hentry","category-destaque-da-semana","category-esporte","category-ultima-hora"],"_links":{"self":[{"href":"https:\/\/diarioregionaldigital.com.br\/index.php?rest_route=\/wp\/v2\/posts\/216358","targetHints":{"allow":["GET"]}}],"collection":[{"href":"https:\/\/diarioregionaldigital.com.br\/index.php?rest_route=\/wp\/v2\/posts"}],"about":[{"href":"https:\/\/diarioregionaldigital.com.br\/index.php?rest_route=\/wp\/v2\/types\/post"}],"author":[{"embeddable":true,"href":"https:\/\/diarioregionaldigital.com.br\/index.php?rest_route=\/wp\/v2\/users\/246"}],"replies":[{"embeddable":true,"href":"https:\/\/diarioregionaldigital.com.br\/index.php?rest_route=%2Fwp%2Fv2%2Fcomments&post=216358"}],"version-history":[{"count":1,"href":"https:\/\/diarioregionaldigital.com.br\/index.php?rest_route=\/wp\/v2\/posts\/216358\/revisions"}],"predecessor-version":[{"id":216360,"href":"https:\/\/diarioregionaldigital.com.br\/index.php?rest_route=\/wp\/v2\/posts\/216358\/revisions\/216360"}],"wp:featuredmedia":[{"embeddable":true,"href":"https:\/\/diarioregionaldigital.com.br\/index.php?rest_route=\/wp\/v2\/media\/216359"}],"wp:attachment":[{"href":"https:\/\/diarioregionaldigital.com.br\/index.php?rest_route=%2Fwp%2Fv2%2Fmedia&parent=216358"}],"wp:term":[{"taxonomy":"category","embeddable":true,"href":"https:\/\/diarioregionaldigital.com.br\/index.php?rest_route=%2Fwp%2Fv2%2Fcategories&post=216358"},{"taxonomy":"post_tag","embeddable":true,"href":"https:\/\/diarioregionaldigital.com.br\/index.php?rest_route=%2Fwp%2Fv2%2Ftags&post=216358"}],"curies":[{"name":"wp","href":"https:\/\/api.w.org\/{rel}","templated":true}]}}