{"id":216355,"date":"2023-07-21T19:06:08","date_gmt":"2023-07-21T22:06:08","guid":{"rendered":"https:\/\/diarioregionaldigital.com.br\/?p=216355"},"modified":"2023-07-21T19:06:08","modified_gmt":"2023-07-21T22:06:08","slug":"isaac-souza-vai-a-final-do-mundial-e-garante-vaga-olimpica-nos-saltos","status":"publish","type":"post","link":"https:\/\/diarioregionaldigital.com.br\/?p=216355","title":{"rendered":"Isaac Souza vai \u00e0 final do Mundial e garante vaga ol\u00edmpica nos saltos"},"content":{"rendered":"<p>O carioca Isaac Souza, de 24 anos, assegurou a segunda vaga ol\u00edmpica para o Brasil nos Jogos de Paris 2024, tr\u00eas dias ap\u00f3s a conterr\u00e2nea\u00a0<a href=\"https:\/\/agenciabrasil.ebc.com.br\/esportes\/noticia\/2023-07\/saltos-ornamentais-ingrid-oliveira-fatura-vaga-para-o-brasil-em-paris\">Ingrid Oliveira<\/a>\u00a0carimbar a primeira. Nesta sexta-feira (21), o saltador de 24 anos avan\u00e7ou \u00e0 final da prova de plataforma de 10 metros, no Mundial de Esportes Aqu\u00e1ticos em Fukuoka (Jap\u00e3o). Ele volta \u00e0 piscina \u00e0s 6h30 (hor\u00e1rio d Bras\u00edlia) deste s\u00e1bado (22), \u00faltimo dia de competi\u00e7\u00f5es (veja programa ao final).<img decoding=\"async\" src=\"https:\/\/agenciabrasil.ebc.com.br\/ebc.png?id=1544851&amp;o=node\" \/><img decoding=\"async\" src=\"https:\/\/agenciabrasil.ebc.com.br\/ebc.gif?id=1544851&amp;o=node\" \/><\/p>\n<p>\u201cMais um Jogos Ol\u00edmpicos para a carreira. Sabia que seria uma competi\u00e7\u00e3o bem complicada, ent\u00e3o precisei extrair o melhor para conseguir a vaga. Agora tem a final no s\u00e1bado e pe\u00e7o muito a torcida de todos no Brasil\u201d, disse Isaac, que representou o Brasil nos na Olimp\u00edada de T\u00f3quio e faturou o bronze nos Jogos Pan-Americanos de Lima (Peru) em 2019.<\/p>\n<p>O saltador obteve a classifica\u00e7\u00e3o in\u00e9dita na carreira para uma final de Mundial ao ficar na 11\u00aa posi\u00e7\u00e3o (418.95 pontos) entre os 12 atletas que avan\u00e7aram. Nas duas edi\u00e7\u00f5es anteriores da competi\u00e7\u00e3o, \u00a0em Gwangju (Coreia do Sul) em 2019 e Budapeste (Hungria) em 2022, o Issac deu adeus \u00e0\u00a0 disputa de medalhas com 13\u00aa e 15\u00aa posi\u00e7\u00f5es, respectivamente.<\/p>\n<p>O Brasil contou ainda com o estreante Diogo Silva, de 19 anos, na plataforma de 10m, que pela primeira vez competiu no Mundial adulto. Ele terminou a competi\u00e7\u00e3o em 27\u00ba lugar (344.25 pontos).<\/p>\n<p>Al\u00e9m da final na plataforma de 10m masculino, o Brasil vai lutar pelo p\u00f3dio na final\u00a0<em>do t<\/em>rampolim 3m sincronizado misto, com Anna L\u00facia dos Santos e Rafael Max. A decis\u00e3o ser\u00e1 \u00e0s 3h30 (hor\u00e1rio de Bras\u00edlia).<\/p>\n<p>A classifica\u00e7\u00e3o ol\u00edmpica no Mundial de Fukuoka n\u00e3o \u00e9 nominal: a vaga pertence ao pa\u00eds. Somente em 2024 ser\u00e1 definida a equipe que ir\u00e1 aos Jogos. \u00a0O Mundial distribui tr\u00eas vagas em cada uma das provas sincronizadas. A competi\u00e7\u00e3o \u00e9 a primeira de tr\u00eas janelas de classifica\u00e7\u00e3o para os Jogos de Paris 2024. Depois, em outubro, haver\u00e1 os Jogos Pan-Americanos de Santiago (Chile) &#8211; que garantem vagas aos campe\u00f5es das disputas individuais (trampolim 3m e plataforma 10m, no masculino e no feminino) \u2013 e em 2024 o Mundial de Doha (Catar), que distribuir\u00e1 quatro vagas (provas sincronizadas).<\/p>\n<h2>Programa\u00e7\u00e3o<\/h2>\n<p><strong>22 de julho<\/strong><br \/>\n3h30 \u2013 Trampolim 3m sincronizado misto (final) \u2013\u00a0Anna L\u00facia dos Santos e Rafael Max<br \/>\n6h30 \u2013 Plataforma 10m masculino (final)<\/p>\n<p><span style=\"font-weight: 400;\">Fonte: Ag\u00eancia Brasil <\/span><\/p>\n","protected":false},"excerpt":{"rendered":"<p>O carioca Isaac Souza, de 24 anos, assegurou a segunda vaga ol\u00edmpica para o Brasil nos Jogos de Paris 2024, tr\u00eas dias ap\u00f3s a conterr\u00e2nea\u00a0Ingrid Oliveira\u00a0carimbar a primeira. Nesta sexta-feira (21), o saltador de 24 anos avan\u00e7ou \u00e0 final da prova de plataforma de 10 metros, no Mundial de Esportes Aqu\u00e1ticos em Fukuoka (Jap\u00e3o). Ele [&hellip;]<\/p>\n","protected":false},"author":246,"featured_media":216356,"comment_status":"closed","ping_status":"closed","sticky":false,"template":"","format":"standard","meta":{"footnotes":""},"categories":[436,257,439],"tags":[],"class_list":["post-216355","post","type-post","status-publish","format-standard","has-post-thumbnail","hentry","category-destaque-da-semana","category-esporte","category-ultima-hora"],"_links":{"self":[{"href":"https:\/\/diarioregionaldigital.com.br\/index.php?rest_route=\/wp\/v2\/posts\/216355","targetHints":{"allow":["GET"]}}],"collection":[{"href":"https:\/\/diarioregionaldigital.com.br\/index.php?rest_route=\/wp\/v2\/posts"}],"about":[{"href":"https:\/\/diarioregionaldigital.com.br\/index.php?rest_route=\/wp\/v2\/types\/post"}],"author":[{"embeddable":true,"href":"https:\/\/diarioregionaldigital.com.br\/index.php?rest_route=\/wp\/v2\/users\/246"}],"replies":[{"embeddable":true,"href":"https:\/\/diarioregionaldigital.com.br\/index.php?rest_route=%2Fwp%2Fv2%2Fcomments&post=216355"}],"version-history":[{"count":1,"href":"https:\/\/diarioregionaldigital.com.br\/index.php?rest_route=\/wp\/v2\/posts\/216355\/revisions"}],"predecessor-version":[{"id":216357,"href":"https:\/\/diarioregionaldigital.com.br\/index.php?rest_route=\/wp\/v2\/posts\/216355\/revisions\/216357"}],"wp:featuredmedia":[{"embeddable":true,"href":"https:\/\/diarioregionaldigital.com.br\/index.php?rest_route=\/wp\/v2\/media\/216356"}],"wp:attachment":[{"href":"https:\/\/diarioregionaldigital.com.br\/index.php?rest_route=%2Fwp%2Fv2%2Fmedia&parent=216355"}],"wp:term":[{"taxonomy":"category","embeddable":true,"href":"https:\/\/diarioregionaldigital.com.br\/index.php?rest_route=%2Fwp%2Fv2%2Fcategories&post=216355"},{"taxonomy":"post_tag","embeddable":true,"href":"https:\/\/diarioregionaldigital.com.br\/index.php?rest_route=%2Fwp%2Fv2%2Ftags&post=216355"}],"curies":[{"name":"wp","href":"https:\/\/api.w.org\/{rel}","templated":true}]}}