{"id":216343,"date":"2023-07-21T18:56:12","date_gmt":"2023-07-21T21:56:12","guid":{"rendered":"https:\/\/diarioregionaldigital.com.br\/?p=216343"},"modified":"2023-07-21T18:56:12","modified_gmt":"2023-07-21T21:56:12","slug":"museu-nacional-tera-r-135-milhoes-do-mec-para-manutencao-anual","status":"publish","type":"post","link":"https:\/\/diarioregionaldigital.com.br\/?p=216343","title":{"rendered":"Museu Nacional ter\u00e1 R$ 13,5 milh\u00f5es do MEC para manuten\u00e7\u00e3o anual"},"content":{"rendered":"<p>O Museu Nacional (MN), vinculado \u00e0 Universidade Federal do Rio de Janeiro (UFRJ), vai receber anualmente R$ 13,5 milh\u00f5es do Minist\u00e9rio da Educa\u00e7\u00e3o (MEC) para servi\u00e7os de manuten\u00e7\u00e3o do equipamento. Compromisso nesse sentido foi dado pelo MEC ao diretor do MN, paleont\u00f3logo Alexander Kellner. Essa \u00e9 a mais antiga institui\u00e7\u00e3o cient\u00edfica do Brasil , fundada em 6 de junho de 1818.<img decoding=\"async\" src=\"https:\/\/agenciabrasil.ebc.com.br\/ebc.png?id=1544920&amp;o=node\" \/><img decoding=\"async\" src=\"https:\/\/agenciabrasil.ebc.com.br\/ebc.gif?id=1544920&amp;o=node\" \/><\/p>\n<p>\u00c0\u00a0<strong>Ag\u00eancia Brasil<\/strong>, Kellner esclareceu que n\u00e3o foi o ar-condicionado que provocou o\u00a0<a href=\"https:\/\/agenciabrasil.ebc.com.br\/geral\/noticia\/2018-09\/incendio-atinge-museu-nacional-no-rio-de-janeiro\" target=\"_blank\" rel=\"noopener\">inc\u00eandio no museu<\/a>, no dia 2 de setembro de 2018. \u201cAs pessoas se equivocam que foi o ar-condicionado que fez essa trag\u00e9dia. N\u00e3o. Foi a constante falta de recursos para o funcionamento e manuten\u00e7\u00e3o do Museu Nacional\u201d. Kellner demonstrou satisfa\u00e7\u00e3o em ver o pleito de previs\u00e3o or\u00e7ament\u00e1ria espec\u00edfica para funcionamento e manuten\u00e7\u00e3o do museu, \u201cn\u00e3o para pagar contas\u201d, ser atendido com a sinaliza\u00e7\u00e3o positiva por parte do MEC de que pretende fazer frente a essa despesa.<\/p>\n<p>\u201cIsso permitir\u00e1 que eu possa contratar brigadista, seguran\u00e7a, manuten\u00e7\u00e3o predial e coisas desse tipo. Eu vou resolver de uma vez por todas a quest\u00e3o de manuten\u00e7\u00e3o do museu, deixando claro que ningu\u00e9m aqui fala em expans\u00e3o do museu. \u00c9 manter aquilo que a gente tem\u201d. Isso inclui tratamento contra pragas e roedores, poda de \u00e1rvores, entre outros servi\u00e7os.<\/p>\n<p>De acordo com Alexander Kellner, o ponto importante \u00e9 que os recursos n\u00e3o ser\u00e3o destinados somente para a manuten\u00e7\u00e3o do Pal\u00e1cio de S\u00e3o Crist\u00f3v\u00e3o, sede do MN, localizado na Quinta da Boa Vista, no bairro de S\u00e3o Crist\u00f3v\u00e3o, zona norte do Rio de Janeiro. Ser\u00e3o beneficiadas as tr\u00eas \u00e1reas do museu:: o Pal\u00e1cio, o novo campus\u00a0de pesquisa e ensino, com 43,4 mil metros quadrados, e o horto bot\u00e2nico, que o diretor espera abrir para o p\u00fablico \u201calgum dia\u201d.<\/p>\n<p>O compromisso do MEC com a manuten\u00e7\u00e3o do Museu Nacional\u00a0demonstra, segundo Kellner, que o Brasil aprendeu. \u201cO MEC vai cuidar do Museu Nacional e isso nos d\u00e1 for\u00e7as e nos deixa em uma posi\u00e7\u00e3o diferenciada quando a gente pede ajuda. Porque isso demonstra \u00e0s pessoas que querem investir tanto em doar acervo como em quest\u00f5es financeiras para o t\u00e9rmino das obras, importantes para a sociedade brasileira, que elas n\u00e3o v\u00e3o simplesmente investir em um lugar que vai ser constru\u00eddo e, depois, quando virarem as costas, tudo acaba se degradando por falta de manuten\u00e7\u00e3o. Esse \u00e9 o ponto\u201d.<\/p>\n<h2>Visita<\/h2>\n<p>O diretor do MN destacou que durante sua primeira agenda no Rio de Janeiro, o ministro da Educa\u00e7\u00e3o, Camilo Santana, fez quest\u00e3o de\u00a0<a href=\"https:\/\/agenciabrasil.ebc.com.br\/geral\/noticia\/2023-03\/governo-preve-reabrir-museu-nacional-em-2026\" target=\"_blank\" rel=\"noopener\">visitar o museu<\/a>. \u201cIsso foi muito bom. O ministro se encantou com o projeto (de restaura\u00e7\u00e3o), viu a maneira profissional como esse projeto estava sendo tratado, a maneira correta como est\u00e1 se trabalhando, e solicitou que a gente preparasse uma reprograma\u00e7\u00e3o das obras para entregar a maior parte poss\u00edvel do Museu Nacional ao p\u00fablico em 2026\u201d.<\/p>\n<p>Essa parte poss\u00edvel abrange quatro blocos do equipamento: o bloco hist\u00f3rico e os blocos dois e tr\u00eas, que ser\u00e3o abertos para visita\u00e7\u00e3o em abril de 2026, somando 2,9 mil metros quadrados, fora os jardins externos. O bloco quatro ficar\u00e1 para depois.<\/p>\n<p>Kellner informou que ap\u00f3s visita do presidente Luiz In\u00e1cio Lula da Silva ao equipamento, a reorganiza\u00e7\u00e3o do projeto foi apresentada ao ministro, visando a reabertura em abril de 2026. Comentou, entretanto, que para reabrir em 2026, ele precisar\u00e1 de recursos, conforme colocado ao ministro. \u201cFalta que o MEC atue politicamente para que a gente consiga essa verba. Uma coisa \u00e9 manuten\u00e7\u00e3o e outra \u00e9 a reabertura do museu em 2026. Para a manuten\u00e7\u00e3o, contamos com essa promessa de R$ 13,5 milh\u00f5es\/ano mas, para a reabertura, s\u00e3o necess\u00e1rios recursos da ordem de R$ 180 milh\u00f5es\u201d.<\/p>\n<div class=\"dnd-widget-wrapper context-cheio_8colunas type-image\">\n<div class=\"dnd-atom-rendered\">\n<div class=\"shadow overflow-hidden rounded-lg d-block zoom-on-hover-sm shadow-hover w-100\"><img decoding=\"async\" class=\"flex-fill img-cover\" title=\"Ricardo Stuckert\/PR\" src=\"https:\/\/imagens.ebc.com.br\/SNZjUuifoR9I8lNtpd7WW6ANr4M=\/754x0\/smart\/https:\/\/agenciabrasil.ebc.com.br\/sites\/default\/files\/thumbnails\/image\/52767568148_280704e241_o.jpg?itok=MLRcFnhM\" alt=\"23.03.2023 - Presidente da Rep\u00fablica, Luiz In\u00e1cio Lula da Silva, durante visita guiada \u00e0s obras de reconstru\u00e7\u00e3o do Museu Nacional.  Quinta da Boa Vista, S\u00e3o Crist\u00f3v\u00e3o \u2013 Rio de Janeiro - RJ.  Foto: Ricardo Stuckert\/PR\" \/><\/div>\n<\/div>\n<div class=\"dnd-caption-wrapper\">\n<h6 class=\"meta\">Presidente Lula e o ministro da Educa\u00e7\u00e3o, Camilo Santana, em visita guiada \u00e0s obras de reconstru\u00e7\u00e3o do Museu Nacional, em mar\u00e7o de 2023 &#8211;\u00a0<strong>Ricardo Stuckert\/PR<\/strong><\/h6>\n<\/div>\n<\/div>\n<p>Tamb\u00e9m s\u00e3o aguardados recursos prometidos pela Assembleia Legislativa do Rio de Janeiro (Alerj) no montante de R$ 20 milh\u00f5es, oriundos do Fundo Especial do Parlamento Fluminense, de acordo com a Lei 8.971\/20, sancionada pelo ent\u00e3o governador Wilson Witzel e publicada em edi\u00e7\u00e3o extra do Di\u00e1rio Oficial do Estado no dia 10 de agosto de 2020. \u201cEstamos ansiosos para que esses R$ 20 milh\u00f5es da Alerj venham para o museu\u201d. Alexander Kellner disse, entretanto, que est\u00e1 tentando h\u00e1 v\u00e1rios meses contato com a Alerj, mas ainda n\u00e3o obteve sucesso.<\/p>\n<p><span style=\"font-weight: 400;\"><br \/>\n<\/span><span style=\"font-weight: 400;\">Fonte: Ag\u00eancia Brasil <\/span><\/p>\n","protected":false},"excerpt":{"rendered":"<p>O Museu Nacional (MN), vinculado \u00e0 Universidade Federal do Rio de Janeiro (UFRJ), vai receber anualmente R$ 13,5 milh\u00f5es do Minist\u00e9rio da Educa\u00e7\u00e3o (MEC) para servi\u00e7os de manuten\u00e7\u00e3o do equipamento. Compromisso nesse sentido foi dado pelo MEC ao diretor do MN, paleont\u00f3logo Alexander Kellner. Essa \u00e9 a mais antiga institui\u00e7\u00e3o cient\u00edfica do Brasil , fundada [&hellip;]<\/p>\n","protected":false},"author":246,"featured_media":216344,"comment_status":"closed","ping_status":"closed","sticky":false,"template":"","format":"standard","meta":{"footnotes":""},"categories":[436,254,439],"tags":[],"class_list":["post-216343","post","type-post","status-publish","format-standard","has-post-thumbnail","hentry","category-destaque-da-semana","category-politica","category-ultima-hora"],"_links":{"self":[{"href":"https:\/\/diarioregionaldigital.com.br\/index.php?rest_route=\/wp\/v2\/posts\/216343","targetHints":{"allow":["GET"]}}],"collection":[{"href":"https:\/\/diarioregionaldigital.com.br\/index.php?rest_route=\/wp\/v2\/posts"}],"about":[{"href":"https:\/\/diarioregionaldigital.com.br\/index.php?rest_route=\/wp\/v2\/types\/post"}],"author":[{"embeddable":true,"href":"https:\/\/diarioregionaldigital.com.br\/index.php?rest_route=\/wp\/v2\/users\/246"}],"replies":[{"embeddable":true,"href":"https:\/\/diarioregionaldigital.com.br\/index.php?rest_route=%2Fwp%2Fv2%2Fcomments&post=216343"}],"version-history":[{"count":1,"href":"https:\/\/diarioregionaldigital.com.br\/index.php?rest_route=\/wp\/v2\/posts\/216343\/revisions"}],"predecessor-version":[{"id":216345,"href":"https:\/\/diarioregionaldigital.com.br\/index.php?rest_route=\/wp\/v2\/posts\/216343\/revisions\/216345"}],"wp:featuredmedia":[{"embeddable":true,"href":"https:\/\/diarioregionaldigital.com.br\/index.php?rest_route=\/wp\/v2\/media\/216344"}],"wp:attachment":[{"href":"https:\/\/diarioregionaldigital.com.br\/index.php?rest_route=%2Fwp%2Fv2%2Fmedia&parent=216343"}],"wp:term":[{"taxonomy":"category","embeddable":true,"href":"https:\/\/diarioregionaldigital.com.br\/index.php?rest_route=%2Fwp%2Fv2%2Fcategories&post=216343"},{"taxonomy":"post_tag","embeddable":true,"href":"https:\/\/diarioregionaldigital.com.br\/index.php?rest_route=%2Fwp%2Fv2%2Ftags&post=216343"}],"curies":[{"name":"wp","href":"https:\/\/api.w.org\/{rel}","templated":true}]}}