{"id":216331,"date":"2023-07-21T18:38:44","date_gmt":"2023-07-21T21:38:44","guid":{"rendered":"https:\/\/diarioregionaldigital.com.br\/?p=216331"},"modified":"2023-07-21T18:38:44","modified_gmt":"2023-07-21T21:38:44","slug":"inadimplencia-cai-pela-primeira-vez-em-2023-aponta-serasa","status":"publish","type":"post","link":"https:\/\/diarioregionaldigital.com.br\/?p=216331","title":{"rendered":"Inadimpl\u00eancia cai pela primeira vez em 2023, aponta Serasa"},"content":{"rendered":"<p>No m\u00eas de junho, o n\u00famero de pessoas inadimplentes no Brasil teve a primeira queda em 2023, aponta o Mapa da Inadimpl\u00eancia e Renegocia\u00e7\u00e3o de D\u00edvidas da Serasa. Foram registrados 71,45 milh\u00f5es de negativados, uma redu\u00e7\u00e3o de 450 mil pessoas em rela\u00e7\u00e3o ao m\u00eas anterior. Esse volume representa uma queda de 0,63%.<img decoding=\"async\" src=\"https:\/\/agenciabrasil.ebc.com.br\/ebc.png?id=1544885&amp;o=node\" \/><img decoding=\"async\" src=\"https:\/\/agenciabrasil.ebc.com.br\/ebc.gif?id=1544885&amp;o=node\" \/><\/p>\n<p>A \u00faltima vez que o indicador havia registrado\u00a0decr\u00e9scimo foi em dezembro de 2022. Na compara\u00e7\u00e3o com junho do ano passado, quando os inadimplentes somavam 66,82 milh\u00f5es, houve alta. O n\u00famero de negativados representa 43,78% da popula\u00e7\u00e3o adulta do Brasil.<\/p>\n<p>A faixa et\u00e1ria que mais tem pessoas com nome restrito \u00e9 a de idade entre 41 e 60 anos, que representa 34,8% dos negativados. Em seguida, est\u00e1 a faixa de 26 a 40 anos, que corresponde a 34,7% do total de inadimplentes. A faixa et\u00e1ria acima de 60 anos representa 18,1%.<\/p>\n<p>Tamb\u00e9m houve queda no volume total de d\u00edvidas, passando de 264,5 milh\u00f5es, em maio, para 262,8 milh\u00f5es, em junho, uma redu\u00e7\u00e3o de 0,62%. O valor total das d\u00edvidas, por outro lado, teve alta de 0,15%, chegando a 346,3 bilh\u00f5es. O valor m\u00e9dio das d\u00edvidas por pessoa ficou em R$ 4.846,15, acr\u00e9scimo de 0,78%.<\/p>\n<p>Por unidade federativa, o Rio de Janeiro \u00e9 a que apresenta o maior\u00a0percentual de inadimplentes (52,8%). Na sequ\u00eancia aparecem Amap\u00e1 (52,72%), Amazonas (52,20%), Distrito Federal (52,05%) e Mato Grosso (50,33%). O estado com menos pessoas nessa condi\u00e7\u00e3o \u00e9 o Piau\u00ed (36,18%).<\/p>\n<h2>Desenrola Brasil<\/h2>\n<p>De acordo com o Serasa, a primeira semana do Programa Desenrola Brasil, do governo federal, teve impacto nas negocia\u00e7\u00f5es de d\u00edvidas. Quase 900 mil d\u00edvidas foram negociadas somente pelos canais da Serasa at\u00e9 essa sexta-feira (21) e\u00a0a procura foi 80% maior do que a m\u00e9dia de acordos habituais da plataforma.<\/p>\n<p>A Serasa \u00e9 parceira de bancos integrantes do programa. Esses n\u00fameros retratam todos os acordos realizados na plataforma Serasa Limpa Nome, o que n\u00e3o apenas as d\u00edvidas do \u00e2mbito do Programa Desenrola Brasil.<\/p>\n<p>A Faixa 2 do programa abrange a popula\u00e7\u00e3o com renda de dois sal\u00e1rios m\u00ednimos &#8211; R$ 2.640 at\u00e9 R$ 20 mil por m\u00eas. As d\u00edvidas podem ser quitadas nos canais indicados pelos agentes financeiros e poder\u00e3o ser parceladas, em, no m\u00ednimo, 12 presta\u00e7\u00f5es. Tamb\u00e9m \u00e9 necess\u00e1rio ter sido inclu\u00eddo no cadastro de inadimplentes at\u00e9 31 de dezembro de 2022.<\/p>\n<p>Nesta fase,\u00a0\u00a0tamb\u00e9m ser\u00e3o retirados do cadastro de devedores\u00a0os nomes de quem tem d\u00edvidas at\u00e9 R$ 100. Segundo o Minist\u00e9rio da Fazenda, com essa medida, cerca de 1,5 milh\u00e3o de pessoas deixar\u00e3o de ter restri\u00e7\u00f5es e voltar\u00e3o a poder ter acesso ao cr\u00e9dito.<\/p>\n<p><span style=\"font-weight: 400;\">Fonte: Ag\u00eancia Brasil <\/span><\/p>\n","protected":false},"excerpt":{"rendered":"<p>No m\u00eas de junho, o n\u00famero de pessoas inadimplentes no Brasil teve a primeira queda em 2023, aponta o Mapa da Inadimpl\u00eancia e Renegocia\u00e7\u00e3o de D\u00edvidas da Serasa. Foram registrados 71,45 milh\u00f5es de negativados, uma redu\u00e7\u00e3o de 450 mil pessoas em rela\u00e7\u00e3o ao m\u00eas anterior. Esse volume representa uma queda de 0,63%. A \u00faltima vez [&hellip;]<\/p>\n","protected":false},"author":246,"featured_media":216332,"comment_status":"closed","ping_status":"closed","sticky":false,"template":"","format":"standard","meta":{"footnotes":""},"categories":[436,261,439],"tags":[],"class_list":["post-216331","post","type-post","status-publish","format-standard","has-post-thumbnail","hentry","category-destaque-da-semana","category-economia","category-ultima-hora"],"_links":{"self":[{"href":"https:\/\/diarioregionaldigital.com.br\/index.php?rest_route=\/wp\/v2\/posts\/216331","targetHints":{"allow":["GET"]}}],"collection":[{"href":"https:\/\/diarioregionaldigital.com.br\/index.php?rest_route=\/wp\/v2\/posts"}],"about":[{"href":"https:\/\/diarioregionaldigital.com.br\/index.php?rest_route=\/wp\/v2\/types\/post"}],"author":[{"embeddable":true,"href":"https:\/\/diarioregionaldigital.com.br\/index.php?rest_route=\/wp\/v2\/users\/246"}],"replies":[{"embeddable":true,"href":"https:\/\/diarioregionaldigital.com.br\/index.php?rest_route=%2Fwp%2Fv2%2Fcomments&post=216331"}],"version-history":[{"count":1,"href":"https:\/\/diarioregionaldigital.com.br\/index.php?rest_route=\/wp\/v2\/posts\/216331\/revisions"}],"predecessor-version":[{"id":216333,"href":"https:\/\/diarioregionaldigital.com.br\/index.php?rest_route=\/wp\/v2\/posts\/216331\/revisions\/216333"}],"wp:featuredmedia":[{"embeddable":true,"href":"https:\/\/diarioregionaldigital.com.br\/index.php?rest_route=\/wp\/v2\/media\/216332"}],"wp:attachment":[{"href":"https:\/\/diarioregionaldigital.com.br\/index.php?rest_route=%2Fwp%2Fv2%2Fmedia&parent=216331"}],"wp:term":[{"taxonomy":"category","embeddable":true,"href":"https:\/\/diarioregionaldigital.com.br\/index.php?rest_route=%2Fwp%2Fv2%2Fcategories&post=216331"},{"taxonomy":"post_tag","embeddable":true,"href":"https:\/\/diarioregionaldigital.com.br\/index.php?rest_route=%2Fwp%2Fv2%2Ftags&post=216331"}],"curies":[{"name":"wp","href":"https:\/\/api.w.org\/{rel}","templated":true}]}}