{"id":216328,"date":"2023-07-21T18:35:34","date_gmt":"2023-07-21T21:35:34","guid":{"rendered":"https:\/\/diarioregionaldigital.com.br\/?p=216328"},"modified":"2023-07-21T18:35:34","modified_gmt":"2023-07-21T21:35:34","slug":"governo-indica-bloqueio-de-r-15-bilhao-do-orcamento-de-2023","status":"publish","type":"post","link":"https:\/\/diarioregionaldigital.com.br\/?p=216328","title":{"rendered":"Governo indica bloqueio de R$ 1,5 bilh\u00e3o do Or\u00e7amento de 2023"},"content":{"rendered":"<p>A possibilidade de estouro no teto federal de gastos fez o governo contingenciar (bloquear temporariamente) mais R$ 1,5 bilh\u00e3o do Or\u00e7amento Geral da Uni\u00e3o de 2023, anunciaram, h\u00e1 pouco, os Minist\u00e9rios do Planejamento e da Fazenda. O valor consta do Relat\u00f3rio Bimestral de Avalia\u00e7\u00e3o de Receitas e Despesas, documento que orienta a execu\u00e7\u00e3o do Or\u00e7amento, publicado a cada dois meses.<img decoding=\"async\" src=\"https:\/\/agenciabrasil.ebc.com.br\/ebc.png?id=1544882&amp;o=node\" \/><img decoding=\"async\" src=\"https:\/\/agenciabrasil.ebc.com.br\/ebc.gif?id=1544882&amp;o=node\" \/><\/p>\n<p>Em maio, a equipe econ\u00f4mica havia contingenciado R$ 1,7 bilh\u00e3o, o que eleva o total bloqueado este ano para R$ 3,2 bilh\u00f5es, valor considerado baixo diante do valor total das despesas prim\u00e1rias, estimadas em R$ 1,948 trilh\u00e3o para este ano. At\u00e9 o dia 31, o governo precisar\u00e1 editar um decreto detalhando a distribui\u00e7\u00e3o do novo contingenciamento entre os minist\u00e9rios.<\/p>\n<p>O bloqueio ocorre porque a estimativa de despesas prim\u00e1rias acima do teto de gastos aumentou no mesmo montante (R$ 1,5 bilh\u00e3o). Apesar da Emenda Constitucional da Transi\u00e7\u00e3o, aprovada no fim do ano passado, na pr\u00e1tica abolir as metas fiscais para 2023, o teto de gastos s\u00f3 deixar\u00e1 de valer quando o novo arcabou\u00e7o fiscal foi aprovado pelo Congresso.<\/p>\n<p>Segundo a secret\u00e1ria adjunta do Tesouro Nacional, Viviane Varga, as proje\u00e7\u00f5es de receita devem melhorar nos pr\u00f3ximos relat\u00f3rios com a incorpora\u00e7\u00e3o de medidas aprovadas, ou a serem aprovadas pelo Congresso, como o projeto que muda o sistema de vota\u00e7\u00f5es no Conselho Administrativo de Recursos Fiscais (Carf) e o novo arcabou\u00e7o fiscal.<\/p>\n<h2>D\u00e9ficit prim\u00e1rio<\/h2>\n<p>O relat\u00f3rio tamb\u00e9m aumentou a estimativa de d\u00e9ficit prim\u00e1rio em R$ 9,2 bilh\u00f5es. O valor passar\u00e1 de R$ 136,2 bilh\u00f5es para R$ 145,4 bilh\u00f5es. O d\u00e9ficit prim\u00e1rio representa o resultado negativo das contas do governo sem os juros da d\u00edvida p\u00fablica.<\/p>\n<p>O secret\u00e1rio de Or\u00e7amento Federal do Minist\u00e9rio do Planejamento, Paulo Bijos, ressaltou que o d\u00e9ficit previsto continua abaixo da meta de R$ 238 bilh\u00f5es para o Governo Central \u2013 Tesouro Nacional, Previd\u00eancia Social e Banco Central \u2013 estabelecida pela Lei de Diretrizes Or\u00e7ament\u00e1rias (LDO) de 2023.<\/p>\n<p>O principal motivo para a revis\u00e3o do d\u00e9ficit prim\u00e1rio foi a queda da arrecada\u00e7\u00e3o da Previd\u00eancia Social, provocada pelo menor crescimento da massa salarial decorrente dos juros altos. No in\u00edcio do ano, o ministro da Fazenda, Fernando Haddad, tinha estimado que o\u00a0<a href=\"https:\/\/agenciabrasil.ebc.com.br\/economia\/noticia\/2023-01\/haddad-anuncia-pacote-de-r-2427-bi-para-melhorar-contas-publicas\" target=\"_blank\" rel=\"noopener\">d\u00e9ficit fecharia 2023 em torno de R$ 100 bilh\u00f5es<\/a>.<\/p>\n<h2>Receitas e gastos<\/h2>\n<p>A previs\u00e3o para as receitas prim\u00e1rias totais da Uni\u00e3o foi reduzida em R$ 800 milh\u00f5es. A Previd\u00eancia Social teve queda de R$ 9,3 bilh\u00f5es na arrecada\u00e7\u00e3o. No entanto, essa diminui\u00e7\u00e3o foi parcialmente compensada pela eleva\u00e7\u00e3o da receita com tributos associados ao lucro \u2013 Imposto de Renda Pessoa Jur\u00eddica e Contribui\u00e7\u00e3o Social sobre o Lucro L\u00edquido \u2013 e por dep\u00f3sitos judiciais da Caixa Econ\u00f4mica Federal.<\/p>\n<p>Em rela\u00e7\u00e3o \u00e0s despesas obrigat\u00f3rias, que n\u00e3o podem ser contingenciadas, a estimativa foi elevada em R$ 7,2 bilh\u00f5es. Desse total, R$ 4,6 bilh\u00f5es corresponde aos repasses a estados por causa do acordo fechado com o Supremo Tribunal Federal (STF) para a compensa\u00e7\u00e3o da queda do Imposto sobre a Circula\u00e7\u00e3o de Mercadorias e Servi\u00e7os (ICMS) sobre os combust\u00edveis. Tamb\u00e9m houve aumento de R$ 2,4 bilh\u00f5es na estimativa com benef\u00edcios da Previd\u00eancia Social e R$ 1,2 bilh\u00e3o em subs\u00eddios e subven\u00e7\u00f5es.<\/p>\n<p>Em contrapartida, a previs\u00e3o de gasto com o funcionalismo p\u00fablico caiu R$ 1,9 bilh\u00e3o por causa da diminui\u00e7\u00e3o do pagamento de precat\u00f3rios (gastos determinados por senten\u00e7a judicial definitiva).<\/p>\n<p><span style=\"font-weight: 400;\">Fonte: Ag\u00eancia Brasil <\/span><\/p>\n","protected":false},"excerpt":{"rendered":"<p>A possibilidade de estouro no teto federal de gastos fez o governo contingenciar (bloquear temporariamente) mais R$ 1,5 bilh\u00e3o do Or\u00e7amento Geral da Uni\u00e3o de 2023, anunciaram, h\u00e1 pouco, os Minist\u00e9rios do Planejamento e da Fazenda. O valor consta do Relat\u00f3rio Bimestral de Avalia\u00e7\u00e3o de Receitas e Despesas, documento que orienta a execu\u00e7\u00e3o do Or\u00e7amento, [&hellip;]<\/p>\n","protected":false},"author":246,"featured_media":216329,"comment_status":"closed","ping_status":"closed","sticky":false,"template":"","format":"standard","meta":{"footnotes":""},"categories":[436,440,261,439],"tags":[],"class_list":["post-216328","post","type-post","status-publish","format-standard","has-post-thumbnail","hentry","category-destaque-da-semana","category-destaques-do-dia","category-economia","category-ultima-hora"],"_links":{"self":[{"href":"https:\/\/diarioregionaldigital.com.br\/index.php?rest_route=\/wp\/v2\/posts\/216328","targetHints":{"allow":["GET"]}}],"collection":[{"href":"https:\/\/diarioregionaldigital.com.br\/index.php?rest_route=\/wp\/v2\/posts"}],"about":[{"href":"https:\/\/diarioregionaldigital.com.br\/index.php?rest_route=\/wp\/v2\/types\/post"}],"author":[{"embeddable":true,"href":"https:\/\/diarioregionaldigital.com.br\/index.php?rest_route=\/wp\/v2\/users\/246"}],"replies":[{"embeddable":true,"href":"https:\/\/diarioregionaldigital.com.br\/index.php?rest_route=%2Fwp%2Fv2%2Fcomments&post=216328"}],"version-history":[{"count":1,"href":"https:\/\/diarioregionaldigital.com.br\/index.php?rest_route=\/wp\/v2\/posts\/216328\/revisions"}],"predecessor-version":[{"id":216330,"href":"https:\/\/diarioregionaldigital.com.br\/index.php?rest_route=\/wp\/v2\/posts\/216328\/revisions\/216330"}],"wp:featuredmedia":[{"embeddable":true,"href":"https:\/\/diarioregionaldigital.com.br\/index.php?rest_route=\/wp\/v2\/media\/216329"}],"wp:attachment":[{"href":"https:\/\/diarioregionaldigital.com.br\/index.php?rest_route=%2Fwp%2Fv2%2Fmedia&parent=216328"}],"wp:term":[{"taxonomy":"category","embeddable":true,"href":"https:\/\/diarioregionaldigital.com.br\/index.php?rest_route=%2Fwp%2Fv2%2Fcategories&post=216328"},{"taxonomy":"post_tag","embeddable":true,"href":"https:\/\/diarioregionaldigital.com.br\/index.php?rest_route=%2Fwp%2Fv2%2Ftags&post=216328"}],"curies":[{"name":"wp","href":"https:\/\/api.w.org\/{rel}","templated":true}]}}