{"id":216308,"date":"2023-07-19T23:17:38","date_gmt":"2023-07-20T02:17:38","guid":{"rendered":"https:\/\/diarioregionaldigital.com.br\/?p=216308"},"modified":"2023-07-19T23:17:38","modified_gmt":"2023-07-20T02:17:38","slug":"a-partir-das-15h-de-domingo-23-transito-sofrera-intervencoes-para-carreata-de-sao-cristovao","status":"publish","type":"post","link":"https:\/\/diarioregionaldigital.com.br\/?p=216308","title":{"rendered":"A partir das 15h de domingo, 23, tr\u00e2nsito sofrer\u00e1 interven\u00e7\u00f5es para Carreata de S\u00e3o Crist\u00f3v\u00e3o"},"content":{"rendered":"<p>Segundo informa\u00e7\u00f5es do site da Prefeitura de Juiz de Fora (PJF), a\u00a0partir das 15h do domingo, 23, algumas vias da cidade poder\u00e3o sofrer interven\u00e7\u00f5es em fun\u00e7\u00e3o da carreata em comemora\u00e7\u00e3o ao dia de S\u00e3o Crist\u00f3v\u00e3o. Todo o percurso ser\u00e1 acompanhado pelos agentes de transporte e tr\u00e2nsito da Secretaria de Mobilidade Urbana (SMU) da Prefeitura de Juiz de Fora (PJF).<\/p>\n<p>&nbsp;<\/p>\n<div>\n<strong>Confira os itiner\u00e1rios<\/strong><\/div>\n<p>&nbsp;<\/p>\n<div>No bairro Benfica, a carreata tem in\u00edcio na Par\u00f3quia Nossa Senhora da Concei\u00e7\u00e3o, e percorrer\u00e1 as ruas Afonso Garcia, Guararapes, Martins Barbosa, Pedro Timponi, Henrique Dias, Diogo \u00c1lvares, Tom\u00e9 de Souza, JK (at\u00e9 acesso norte), Afonso Barra, Luiz Paleta, Cel. Alcino Nunes, Maria Eug\u00eania, JK, Martins Barbosa, e Paulo Garcia, retornando \u00e0 par\u00f3quia.<\/div>\n<p>&nbsp;<\/p>\n<div>Na Regi\u00e3o Central, a carreata tem in\u00edcio na\u00a0 Rua S\u00e3o Domingos S\u00e1vio, e percorrer\u00e1 as seguintes vias:\u00a0 Rua Santana, Rua 1\u00ba de Maio, Rua Tupi, Rua Cust\u00f3dio Trist\u00e3o, Rua Dr. Jos\u00e9 Eutr\u00f3pio, Av. Brasil (MD &#8211; sentido centro), Av. Rio Branco at\u00e9 o Carrefour (acesso a rotat\u00f3ria para retorno), Av. Rio Branco, Rua Am\u00e9rico Lobo, terminando na Rua S\u00e3o Domingos S\u00e1vio.<\/div>\n","protected":false},"excerpt":{"rendered":"<p>Segundo informa\u00e7\u00f5es do site da Prefeitura de Juiz de Fora (PJF), a\u00a0partir das 15h do domingo, 23, algumas vias da cidade poder\u00e3o sofrer interven\u00e7\u00f5es em fun\u00e7\u00e3o da carreata em comemora\u00e7\u00e3o ao dia de S\u00e3o Crist\u00f3v\u00e3o. Todo o percurso ser\u00e1 acompanhado pelos agentes de transporte e tr\u00e2nsito da Secretaria de Mobilidade Urbana (SMU) da Prefeitura de [&hellip;]<\/p>\n","protected":false},"author":246,"featured_media":216309,"comment_status":"closed","ping_status":"closed","sticky":false,"template":"","format":"standard","meta":{"footnotes":""},"categories":[253,436,439],"tags":[],"class_list":["post-216308","post","type-post","status-publish","format-standard","has-post-thumbnail","hentry","category-cidade","category-destaque-da-semana","category-ultima-hora"],"_links":{"self":[{"href":"https:\/\/diarioregionaldigital.com.br\/index.php?rest_route=\/wp\/v2\/posts\/216308","targetHints":{"allow":["GET"]}}],"collection":[{"href":"https:\/\/diarioregionaldigital.com.br\/index.php?rest_route=\/wp\/v2\/posts"}],"about":[{"href":"https:\/\/diarioregionaldigital.com.br\/index.php?rest_route=\/wp\/v2\/types\/post"}],"author":[{"embeddable":true,"href":"https:\/\/diarioregionaldigital.com.br\/index.php?rest_route=\/wp\/v2\/users\/246"}],"replies":[{"embeddable":true,"href":"https:\/\/diarioregionaldigital.com.br\/index.php?rest_route=%2Fwp%2Fv2%2Fcomments&post=216308"}],"version-history":[{"count":1,"href":"https:\/\/diarioregionaldigital.com.br\/index.php?rest_route=\/wp\/v2\/posts\/216308\/revisions"}],"predecessor-version":[{"id":216310,"href":"https:\/\/diarioregionaldigital.com.br\/index.php?rest_route=\/wp\/v2\/posts\/216308\/revisions\/216310"}],"wp:featuredmedia":[{"embeddable":true,"href":"https:\/\/diarioregionaldigital.com.br\/index.php?rest_route=\/wp\/v2\/media\/216309"}],"wp:attachment":[{"href":"https:\/\/diarioregionaldigital.com.br\/index.php?rest_route=%2Fwp%2Fv2%2Fmedia&parent=216308"}],"wp:term":[{"taxonomy":"category","embeddable":true,"href":"https:\/\/diarioregionaldigital.com.br\/index.php?rest_route=%2Fwp%2Fv2%2Fcategories&post=216308"},{"taxonomy":"post_tag","embeddable":true,"href":"https:\/\/diarioregionaldigital.com.br\/index.php?rest_route=%2Fwp%2Fv2%2Ftags&post=216308"}],"curies":[{"name":"wp","href":"https:\/\/api.w.org\/{rel}","templated":true}]}}