{"id":216301,"date":"2023-07-19T23:13:59","date_gmt":"2023-07-20T02:13:59","guid":{"rendered":"https:\/\/diarioregionaldigital.com.br\/?p=216301"},"modified":"2023-07-19T23:13:59","modified_gmt":"2023-07-20T02:13:59","slug":"pjf-define-expediente-para-dias-de-jogos-do-brasil-na-copa-do-mundo-de-futebol-feminino","status":"publish","type":"post","link":"https:\/\/diarioregionaldigital.com.br\/?p=216301","title":{"rendered":"PJF define expediente para dias de jogos do Brasil na Copa do Mundo de Futebol Feminino"},"content":{"rendered":"<p>Segundo informa\u00e7\u00f5es do site da Prefeitura de Juiz de Fora (PJF), a PJF publica nesta quinta-feira, 20, a portaria n\u00ba 34, estabelecendo ponto facultativo e definindo diretrizes para o expediente de trabalho na Administra\u00e7\u00e3o Direta e Indireta do Munic\u00edpio de Juiz de Fora nos dias de jogos da Sele\u00e7\u00e3o Brasileira na Copa do Mundo Feminina da FIFA 2023. O an\u00fancio foi feito pela prefeita Margarida Salom\u00e3o na tarde desta quarta-feira, 19, em v\u00eddeo nas redes sociais.<\/p>\n<p>&nbsp;<\/p>\n<div>\u201cIsso, como voc\u00eas sabem, \u00e9 uma tradi\u00e7\u00e3o consolidada na Copa do Mundo quando jogam os homens. N\u00f3s, aqui em Juiz de Fora, que temos, inclusive, um governo parit\u00e1rio, entendemos que \u00e9 muito necess\u00e1rio valorizar as mulheres e valorizar as mulheres no esporte\u201d, destacou a chefe do Executivo.<\/div>\n<p>&nbsp;<\/p>\n<div>Na segunda, 24, quando o Brasil jogar\u00e1 contra a sele\u00e7\u00e3o do Panam\u00e1 \u00e0s 8h, o expediente ter\u00e1 in\u00edcio \u00e0s 12h, enquanto que no dia 2 de agosto, dia da partida entre Brasil e Jamaica \u00e0s 7h, o expediente dever\u00e1 ser cumprido a partir das 11h. A portaria define que as horas n\u00e3o trabalhadas em decorr\u00eancia dos pontos facultativos ser\u00e3o objeto de compensa\u00e7\u00e3o, mediante combina\u00e7\u00e3o do servidor e o gestor da unidade administrativa em que esteja lotado.<\/div>\n<p>&nbsp;<\/p>\n<div>O ponto facultativo n\u00e3o se aplica ao pessoal de servi\u00e7o permanente, que exerce fun\u00e7\u00f5es obedecendo a escalas de plant\u00e3o, principalmente nas \u00e1reas de sa\u00fade, limpeza p\u00fablica, mobilidade urbana e seguran\u00e7a patrimonial; o pessoal das Escolas Municipais, cujo calend\u00e1rio escolar aprovado pela Secretaria de Educa\u00e7\u00e3o preveja o dia do ponto facultativo como dia letivo; al\u00e9m dos demais servidores convocados para poss\u00edveis situa\u00e7\u00f5es de emerg\u00eancia, ou que trabalhem em regime de escalas de plant\u00e3o.<\/div>\n","protected":false},"excerpt":{"rendered":"<p>Segundo informa\u00e7\u00f5es do site da Prefeitura de Juiz de Fora (PJF), a PJF publica nesta quinta-feira, 20, a portaria n\u00ba 34, estabelecendo ponto facultativo e definindo diretrizes para o expediente de trabalho na Administra\u00e7\u00e3o Direta e Indireta do Munic\u00edpio de Juiz de Fora nos dias de jogos da Sele\u00e7\u00e3o Brasileira na Copa do Mundo Feminina [&hellip;]<\/p>\n","protected":false},"author":246,"featured_media":216302,"comment_status":"closed","ping_status":"closed","sticky":false,"template":"","format":"standard","meta":{"footnotes":""},"categories":[253,436,439],"tags":[],"class_list":["post-216301","post","type-post","status-publish","format-standard","has-post-thumbnail","hentry","category-cidade","category-destaque-da-semana","category-ultima-hora"],"_links":{"self":[{"href":"https:\/\/diarioregionaldigital.com.br\/index.php?rest_route=\/wp\/v2\/posts\/216301","targetHints":{"allow":["GET"]}}],"collection":[{"href":"https:\/\/diarioregionaldigital.com.br\/index.php?rest_route=\/wp\/v2\/posts"}],"about":[{"href":"https:\/\/diarioregionaldigital.com.br\/index.php?rest_route=\/wp\/v2\/types\/post"}],"author":[{"embeddable":true,"href":"https:\/\/diarioregionaldigital.com.br\/index.php?rest_route=\/wp\/v2\/users\/246"}],"replies":[{"embeddable":true,"href":"https:\/\/diarioregionaldigital.com.br\/index.php?rest_route=%2Fwp%2Fv2%2Fcomments&post=216301"}],"version-history":[{"count":1,"href":"https:\/\/diarioregionaldigital.com.br\/index.php?rest_route=\/wp\/v2\/posts\/216301\/revisions"}],"predecessor-version":[{"id":216303,"href":"https:\/\/diarioregionaldigital.com.br\/index.php?rest_route=\/wp\/v2\/posts\/216301\/revisions\/216303"}],"wp:featuredmedia":[{"embeddable":true,"href":"https:\/\/diarioregionaldigital.com.br\/index.php?rest_route=\/wp\/v2\/media\/216302"}],"wp:attachment":[{"href":"https:\/\/diarioregionaldigital.com.br\/index.php?rest_route=%2Fwp%2Fv2%2Fmedia&parent=216301"}],"wp:term":[{"taxonomy":"category","embeddable":true,"href":"https:\/\/diarioregionaldigital.com.br\/index.php?rest_route=%2Fwp%2Fv2%2Fcategories&post=216301"},{"taxonomy":"post_tag","embeddable":true,"href":"https:\/\/diarioregionaldigital.com.br\/index.php?rest_route=%2Fwp%2Fv2%2Ftags&post=216301"}],"curies":[{"name":"wp","href":"https:\/\/api.w.org\/{rel}","templated":true}]}}