{"id":216295,"date":"2023-07-19T23:08:46","date_gmt":"2023-07-20T02:08:46","guid":{"rendered":"https:\/\/diarioregionaldigital.com.br\/?p=216295"},"modified":"2023-07-19T23:08:46","modified_gmt":"2023-07-20T02:08:46","slug":"brasil-soma-esforcos-para-sediar-a-copa-do-mundo-feminina-de-2027","status":"publish","type":"post","link":"https:\/\/diarioregionaldigital.com.br\/?p=216295","title":{"rendered":"Brasil soma esfor\u00e7os para sediar a Copa do Mundo Feminina de 2027"},"content":{"rendered":"<p>A bola est\u00e1 muito pr\u00f3xima de rolar na Copa do Mundo feminina, na Austr\u00e1lia e na Nova Zel\u00e2ndia, uma competi\u00e7\u00e3o que poder\u00e1 ter grande impacto na modalidade no Brasil a depender do sucesso da equipe comandada por Pia Sundhage. No entanto, o pa\u00eds se prepara para que, independente do resultado final nos gramados da Oceania, o futebol feminino tenha ainda mais visibilidade e aten\u00e7\u00e3o em 2027, ano da pr\u00f3xima edi\u00e7\u00e3o do Mundial. O Brasil \u00e9, junto a outras tr\u00eas candidaturas (duas delas formadas por conjuntos de pa\u00edses), finalista para ser sede do campeonato daqui a quatro anos. A escolha ser\u00e1 feita em maio de 2024, no congresso anual da Fifa.<img decoding=\"async\" src=\"https:\/\/agenciabrasil.ebc.com.br\/ebc.png?id=1544557&amp;o=node\" \/><img decoding=\"async\" src=\"https:\/\/agenciabrasil.ebc.com.br\/ebc.gif?id=1544557&amp;o=node\" \/><\/p>\n<p>A ministra do Esporte Ana Moser viajou aos pa\u00edses-sede de 2023 para acompanhar a Copa e tamb\u00e9m fortalecer a candidatura brasileira nos bastidores. Moser participou recentemente do<a href=\"https:\/\/www.youtube.com\/watch?v=4UBZ_ult8Xg\">\u00a0videocast Copa Delas.<\/a>\u00a0da\u00a0<strong>EBC<\/strong>, e falou sobre a import\u00e2ncia de se trazer o evento para o Brasil. A ministra acredita que a empreitada se encaixa na iniciativa de desenvolvimento da modalidade no pa\u00eds,\u00a0que inclui a\u00a0<a href=\"https:\/\/agenciabrasil.ebc.com.br\/radioagencia-nacional\/esportes\/audio\/2023-03\/lula-assina-decreto-de-estrategia-nacional-para-o-futebol-feminino\">Estrat\u00e9gia Nacional para o Futebol Feminino<\/a>, a ser regulamentada pelo governo.<\/p>\n<p>&#8220;Esta candidatura n\u00e3o vem sozinha. Ela vem num contexto da constru\u00e7\u00e3o do futebol feminino como foco desta gest\u00e3o. Podemos fazer um paralelo com outros esportes, inclusive o meu, o v\u00f4lei, que conseguiu um avan\u00e7o a partir da continuidade de um investimento. N\u00e3o existe f\u00f3rmula m\u00e1gica. A Copa de 2027 seria a coroa\u00e7\u00e3o de uma estrat\u00e9gia para trazer mais visibilidade. Uma a\u00e7\u00e3o ajuda a outra. Estaremos l\u00e1 na Austr\u00e1lia e na Nova Zel\u00e2ndia brigando por essa candidatura pelo pa\u00eds e pelo continente, porque seria a primeira Copa do Mundo feminina na Am\u00e9rica do Sul&#8221;, afirmou\u00a0a ministra.<\/p>\n<div class=\"dnd-widget-wrapper context-cheio_8colunas type-image\">\n<div class=\"dnd-atom-rendered\">\n<div class=\"shadow overflow-hidden rounded-lg d-block zoom-on-hover-sm shadow-hover w-100\"><img decoding=\"async\" class=\"flex-fill img-cover\" title=\"Wilson Dias\/Ag\u00eancia Brasil\" src=\"https:\/\/imagens.ebc.com.br\/sOPnEobxwYTwlnJvf-_dGKUAb_M=\/754x0\/smart\/https:\/\/agenciabrasil.ebc.com.br\/sites\/default\/files\/thumbnails\/image\/img_5433_0.jpg?itok=cj7DF3eN\" alt=\"Bras\u00edlia (DF), 10\/05\/2023 - Ministra dos Esportes Ana Moser fala s\u00f4bre aprova\u00e7\u00e3o da Lei Geral do Esporte. .Foto: Wilson Dias\/Ag\u00eancia Brasil\" \/><\/div>\n<\/div>\n<div class=\"dnd-caption-wrapper\">\n<div class=\"meta\">&#8220;Estaremos l\u00e1 na Austr\u00e1lia e na Nova Zel\u00e2ndia brigando por essa candidatura pelo pa\u00eds e pelo continente, porque seria a primeira Copa do Mundo feminina na Am\u00e9rica do Sul&#8221;, afirmou a ministra do Esporte durante o videocast Copa Delas, da EBC\u00a0&#8211;\u00a0<strong>Wilson Dias\/Ag\u00eancia Brasil<\/strong><\/div>\n<\/div>\n<\/div>\n<p>De fato, em nove edi\u00e7\u00f5es do Mundial,\u00a0a Am\u00e9rica do Sul nunca teve a honra de receber a competi\u00e7\u00e3o. O evento j\u00e1 passou pela Europa em tr\u00eas ocasi\u00f5es. Estados Unidos e China tamb\u00e9m sediaram a Copa duas vezes cada um. A Oceania estreia em 2023. Am\u00e9rica Central e \u00c1frica tamb\u00e9m nunca foram premiadas com a realiza\u00e7\u00e3o do torneio.<\/p>\n<p>O continente africano, no entanto, ter\u00e1 a oportunidade de competir tendo a \u00c1frica do Sul como candidata\u00a0a\u00a0pa\u00eds-sede.\u00a0Outros dois blocos est\u00e3o na disputa: B\u00e9lgica, Holanda e Alemanha formam a candidatura conjunta da Uefa (ni\u00e3o das Associa\u00e7\u00f5es Europeias de Futebol); Estados Unidos e M\u00e9xico, na da Concacaf (Confedera\u00e7\u00e3o de Futebol da Am\u00e9rica do Norte, Central e Caribe).<\/p>\n<p>O diretor de competi\u00e7\u00f5es da CBF J\u00falio Avellar tamb\u00e9m participou do Copa Delas e se mostrou otimista com as chances de o Brasil sair vitorioso na elei\u00e7\u00e3o do ano que vem.<\/p>\n<p>&#8220;Importante acentuar que tivemos a Copa de 2014, a Olimp\u00edada do\u00a0Rio em 2016, a Copa Am\u00e9rica de 2019. Ent\u00e3o, toda a parte de infraestrutura e maquin\u00e1rio desportivo j\u00e1 existe no Brasil. Temos candidatos fortes, \u00e9 claro. A \u00c1frica do Sul sediou a Copa de 2010. Estados Unidos e M\u00e9xico ser\u00e3o sedes em conjunto da edi\u00e7\u00e3o de 2026. \u00c9 uma luta dura, mas acho que as chances s\u00e3o \u00f3timas&#8221;, opinou Avellar, que trabalhou por 12 anos na Fifa.<\/p>\n<p>As federa\u00e7\u00f5es candidatas t\u00eam at\u00e9 o dia 8 de dezembro para enviar \u00e0 Fifa, organiza\u00e7\u00e3o que regula o\u00a0futebol mundial, a documenta\u00e7\u00e3o necess\u00e1ria. Em seguida, ser\u00e1 iniciada a inspe\u00e7\u00e3o da entidade\u00a0nos futuros locais de jogos e treinos.<\/p>\n<p>\u201cEstamos entusiasmados com as manifesta\u00e7\u00f5es de interesse recebidas, porque v\u00eam de pa\u00edses com uma forte tradi\u00e7\u00e3o futebol\u00edstica, confirmando assim a popularidade do futebol feminino em todo o mundo\u201d, disse a secret\u00e1ria-geral da Fifa Fatma Samoura, quando foram confirmadas as candidaturas finalistas, em maio.<\/p>\n<p><span style=\"font-weight: 400;\">Fonte: Ag\u00eancia Brasil <\/span><\/p>\n","protected":false},"excerpt":{"rendered":"<p>A bola est\u00e1 muito pr\u00f3xima de rolar na Copa do Mundo feminina, na Austr\u00e1lia e na Nova Zel\u00e2ndia, uma competi\u00e7\u00e3o que poder\u00e1 ter grande impacto na modalidade no Brasil a depender do sucesso da equipe comandada por Pia Sundhage. No entanto, o pa\u00eds se prepara para que, independente do resultado final nos gramados da Oceania, [&hellip;]<\/p>\n","protected":false},"author":246,"featured_media":216296,"comment_status":"closed","ping_status":"closed","sticky":false,"template":"","format":"standard","meta":{"footnotes":""},"categories":[436,257,439],"tags":[],"class_list":["post-216295","post","type-post","status-publish","format-standard","has-post-thumbnail","hentry","category-destaque-da-semana","category-esporte","category-ultima-hora"],"_links":{"self":[{"href":"https:\/\/diarioregionaldigital.com.br\/index.php?rest_route=\/wp\/v2\/posts\/216295","targetHints":{"allow":["GET"]}}],"collection":[{"href":"https:\/\/diarioregionaldigital.com.br\/index.php?rest_route=\/wp\/v2\/posts"}],"about":[{"href":"https:\/\/diarioregionaldigital.com.br\/index.php?rest_route=\/wp\/v2\/types\/post"}],"author":[{"embeddable":true,"href":"https:\/\/diarioregionaldigital.com.br\/index.php?rest_route=\/wp\/v2\/users\/246"}],"replies":[{"embeddable":true,"href":"https:\/\/diarioregionaldigital.com.br\/index.php?rest_route=%2Fwp%2Fv2%2Fcomments&post=216295"}],"version-history":[{"count":1,"href":"https:\/\/diarioregionaldigital.com.br\/index.php?rest_route=\/wp\/v2\/posts\/216295\/revisions"}],"predecessor-version":[{"id":216297,"href":"https:\/\/diarioregionaldigital.com.br\/index.php?rest_route=\/wp\/v2\/posts\/216295\/revisions\/216297"}],"wp:featuredmedia":[{"embeddable":true,"href":"https:\/\/diarioregionaldigital.com.br\/index.php?rest_route=\/wp\/v2\/media\/216296"}],"wp:attachment":[{"href":"https:\/\/diarioregionaldigital.com.br\/index.php?rest_route=%2Fwp%2Fv2%2Fmedia&parent=216295"}],"wp:term":[{"taxonomy":"category","embeddable":true,"href":"https:\/\/diarioregionaldigital.com.br\/index.php?rest_route=%2Fwp%2Fv2%2Fcategories&post=216295"},{"taxonomy":"post_tag","embeddable":true,"href":"https:\/\/diarioregionaldigital.com.br\/index.php?rest_route=%2Fwp%2Fv2%2Ftags&post=216295"}],"curies":[{"name":"wp","href":"https:\/\/api.w.org\/{rel}","templated":true}]}}