{"id":216292,"date":"2023-07-19T23:05:18","date_gmt":"2023-07-20T02:05:18","guid":{"rendered":"https:\/\/diarioregionaldigital.com.br\/?p=216292"},"modified":"2023-07-19T23:05:18","modified_gmt":"2023-07-20T02:05:18","slug":"onu-mulheres-e-museu-do-futebol-fazem-parceria-para-cobertura-da-copa","status":"publish","type":"post","link":"https:\/\/diarioregionaldigital.com.br\/?p=216292","title":{"rendered":"ONU Mulheres e Museu do Futebol fazem parceria para cobertura da Copa"},"content":{"rendered":"<p>A ONU Mulheres,\u00a0entidade das Na\u00e7\u00f5es Unidas dedicada \u00e0 igualdade de g\u00eanero,\u00a0e o Museu do Futebol acertaram uma parceria para promover e dar visibilidade para a Copa do Mundo Feminina de Futebol, que acontece a partir desta quinta-feira (20) na Austr\u00e1lia e na Nova Zel\u00e2ndia.<img decoding=\"async\" src=\"https:\/\/agenciabrasil.ebc.com.br\/ebc.png?id=1544418&amp;o=node\" \/><img decoding=\"async\" src=\"https:\/\/agenciabrasil.ebc.com.br\/ebc.gif?id=1544418&amp;o=node\" \/><\/p>\n<p>Por meio da parceria, os conte\u00fados que ser\u00e3o postados nas redes sociais das duas institui\u00e7\u00f5es v\u00e3o apresentar curiosidades, hist\u00f3rias e informa\u00e7\u00f5es sobre a Copa do Mundo e as atletas. Essas atualiza\u00e7\u00f5es podem ser conferidas por meio dos perfis\u00a0<a href=\"https:\/\/www.instagram.com\/museudofutebol\/\" target=\"_blank\" rel=\"noopener\">@museudofutebole<\/a>\u00a0e\u00a0<a href=\"https:\/\/www.instagram.com\/onumulheresbr\/\" target=\"_blank\" rel=\"noopener\">@onumulheresbr<\/a>.<\/p>\n<p>Atualmente, o Museu do Futebol, que fica na capital paulista, apresenta uma exposi\u00e7\u00e3o que relembra\u00a0a hist\u00f3ria das\u00a0<a href=\"https:\/\/agenciabrasil.ebc.com.br\/esportes\/noticia\/2023-05\/mostra-traz-luta-da-mulher-no-futebol-e-historia-da-copa-feminina\" target=\"_blank\" rel=\"noopener\">copas femininas<\/a>\u00a0e\u00a0a luta das mulheres por espa\u00e7o no esporte mais popular do planeta.\u00a0Chamada de Rainha de Copas, a mostra fica em cartaz at\u00e9 o dia 27 de agosto.<\/p>\n<p>A sele\u00e7\u00e3o brasileira, que busca seu primeiro t\u00edtulo, est\u00e1 no grupo F da competi\u00e7\u00e3o ao lado de\u00a0Fran\u00e7a,\u00a0Jamaica e Panam\u00e1. O primeiro jogo do Brasil acontece na pr\u00f3xima segunda-feira (24), a partir das 8h da manh\u00e3, contra o Panam\u00e1. A segunda partida \u00e9 contra a Fran\u00e7a, no dia 29 de julho, \u00e0s 7h da manh\u00e3. A terceira advers\u00e1ria \u00e9 a sele\u00e7\u00e3o da Jamaica, partida marcada para o dia 2 de agosto, tamb\u00e9m \u00e0s 7 da manh\u00e3.<\/p>\n<p><span style=\"font-weight: 400;\"><br \/>\n<\/span><span style=\"font-weight: 400;\">Fonte: Ag\u00eancia Brasil <\/span><\/p>\n","protected":false},"excerpt":{"rendered":"<p>A ONU Mulheres,\u00a0entidade das Na\u00e7\u00f5es Unidas dedicada \u00e0 igualdade de g\u00eanero,\u00a0e o Museu do Futebol acertaram uma parceria para promover e dar visibilidade para a Copa do Mundo Feminina de Futebol, que acontece a partir desta quinta-feira (20) na Austr\u00e1lia e na Nova Zel\u00e2ndia. Por meio da parceria, os conte\u00fados que ser\u00e3o postados nas redes [&hellip;]<\/p>\n","protected":false},"author":246,"featured_media":216293,"comment_status":"closed","ping_status":"closed","sticky":false,"template":"","format":"standard","meta":{"footnotes":""},"categories":[436,257,439],"tags":[],"class_list":["post-216292","post","type-post","status-publish","format-standard","has-post-thumbnail","hentry","category-destaque-da-semana","category-esporte","category-ultima-hora"],"_links":{"self":[{"href":"https:\/\/diarioregionaldigital.com.br\/index.php?rest_route=\/wp\/v2\/posts\/216292","targetHints":{"allow":["GET"]}}],"collection":[{"href":"https:\/\/diarioregionaldigital.com.br\/index.php?rest_route=\/wp\/v2\/posts"}],"about":[{"href":"https:\/\/diarioregionaldigital.com.br\/index.php?rest_route=\/wp\/v2\/types\/post"}],"author":[{"embeddable":true,"href":"https:\/\/diarioregionaldigital.com.br\/index.php?rest_route=\/wp\/v2\/users\/246"}],"replies":[{"embeddable":true,"href":"https:\/\/diarioregionaldigital.com.br\/index.php?rest_route=%2Fwp%2Fv2%2Fcomments&post=216292"}],"version-history":[{"count":1,"href":"https:\/\/diarioregionaldigital.com.br\/index.php?rest_route=\/wp\/v2\/posts\/216292\/revisions"}],"predecessor-version":[{"id":216294,"href":"https:\/\/diarioregionaldigital.com.br\/index.php?rest_route=\/wp\/v2\/posts\/216292\/revisions\/216294"}],"wp:featuredmedia":[{"embeddable":true,"href":"https:\/\/diarioregionaldigital.com.br\/index.php?rest_route=\/wp\/v2\/media\/216293"}],"wp:attachment":[{"href":"https:\/\/diarioregionaldigital.com.br\/index.php?rest_route=%2Fwp%2Fv2%2Fmedia&parent=216292"}],"wp:term":[{"taxonomy":"category","embeddable":true,"href":"https:\/\/diarioregionaldigital.com.br\/index.php?rest_route=%2Fwp%2Fv2%2Fcategories&post=216292"},{"taxonomy":"post_tag","embeddable":true,"href":"https:\/\/diarioregionaldigital.com.br\/index.php?rest_route=%2Fwp%2Fv2%2Ftags&post=216292"}],"curies":[{"name":"wp","href":"https:\/\/api.w.org\/{rel}","templated":true}]}}