{"id":216282,"date":"2023-07-19T22:48:01","date_gmt":"2023-07-20T01:48:01","guid":{"rendered":"https:\/\/diarioregionaldigital.com.br\/?p=216282"},"modified":"2023-07-19T22:48:01","modified_gmt":"2023-07-20T01:48:01","slug":"cremerj-mantem-cassacao-do-registro-de-dr-jairinho","status":"publish","type":"post","link":"https:\/\/diarioregionaldigital.com.br\/?p=216282","title":{"rendered":"Cremerj mant\u00e9m cassa\u00e7\u00e3o do registro de Dr. Jairinho"},"content":{"rendered":"<p>Por unanimidade, os 42 conselheiros que comp\u00f5em a Segunda C\u00e2mara do Conselho Regional de Medicina do Rio de Janeiro (Cremerj) mantiveram a cassa\u00e7\u00e3o do registro de Jairo Souza Santos Junior, o Dr. Jairnho, durante plen\u00e1ria na tarde desta ter\u00e7a-feira, (18). Jairinho tinha entrado com recurso devido \u00e0 senten\u00e7a anterior de cassa\u00e7\u00e3o do seu registro profissional.<img decoding=\"async\" src=\"https:\/\/agenciabrasil.ebc.com.br\/ebc.png?id=1544426&amp;o=node\" \/><img decoding=\"async\" src=\"https:\/\/agenciabrasil.ebc.com.br\/ebc.gif?id=1544426&amp;o=node\" \/><\/p>\n<p>O pedido foi apreciado pelos conselheiros e n\u00e3o foi acolhido. De acordo com os conselheiros, as a\u00e7\u00f5es do ex-vereador e m\u00e9dico eram incompat\u00edveis com a \u00e9tica m\u00e9dica e uma grave viola\u00e7\u00e3o dos princ\u00edpios fundamentais da profiss\u00e3o. A cassa\u00e7\u00e3o do registro \u201c\u00e9 a puni\u00e7\u00e3o mais alta, de acordo com a legisla\u00e7\u00e3o vigente.\u201d<\/p>\n<p>Com esta decis\u00e3o, no Cremerj n\u00e3o cabe mais recurso, mas Jairinho ainda poder\u00e1 recorrer da medida junto ao Conselho Federal de Medicina (CFM), em Bras\u00edlia.<\/p>\n<h2>Enteado<\/h2>\n<p>Jairinho \u00e9 acusado pela morte do enteado Henry Borel, de 4 anos de idade, que aconteceu no dia 8 de mar\u00e7o de 2021. A m\u00e3e do menino, Monique Medeiros de Almeida, que era companheira de Jairinho, tamb\u00e9m responde pelo crime de homic\u00eddio.<\/p>\n<p>Henry morreu na madrugada do dia 8 de mar\u00e7o de 2021, depois de passar mal no\u00a0 apartamento onde morava com a m\u00e3e e o padrasto, na Barra da Tijuca. Ele ainda chegou a ser levado para o Hospital Barra D&#8217;Or, mas n\u00e3o resistiu aos ferimentos.<\/p>\n<p>Laudo de necr\u00f3psia do Instituto M\u00e9dico Legal (IML) apontou que Henry sofreu 23 ferimentos pelo corpo. A causa da morte teria sido hemorragia interna e lacera\u00e7\u00e3o hep\u00e1tica. A crian\u00e7a sofreu les\u00f5es hemorr\u00e1gicas na cabe\u00e7a, les\u00f5es no nariz, hematomas no punho e abd\u00f4men, contus\u00f5es no rim e nos pulm\u00f5es, al\u00e9m de hemorragia interna e rompimento do f\u00edgado.<\/p>\n<p>Jairinho e Monique permanecem presos \u00e0 disposi\u00e7\u00e3o da Justi\u00e7a e aguardam julgamento.<\/p>\n<p><span style=\"font-weight: 400;\">Fonte: Ag\u00eancia Brasil <\/span><\/p>\n","protected":false},"excerpt":{"rendered":"<p>Por unanimidade, os 42 conselheiros que comp\u00f5em a Segunda C\u00e2mara do Conselho Regional de Medicina do Rio de Janeiro (Cremerj) mantiveram a cassa\u00e7\u00e3o do registro de Jairo Souza Santos Junior, o Dr. Jairnho, durante plen\u00e1ria na tarde desta ter\u00e7a-feira, (18). Jairinho tinha entrado com recurso devido \u00e0 senten\u00e7a anterior de cassa\u00e7\u00e3o do seu registro profissional. [&hellip;]<\/p>\n","protected":false},"author":246,"featured_media":216283,"comment_status":"closed","ping_status":"closed","sticky":false,"template":"","format":"standard","meta":{"footnotes":""},"categories":[436,254,439],"tags":[],"class_list":["post-216282","post","type-post","status-publish","format-standard","has-post-thumbnail","hentry","category-destaque-da-semana","category-politica","category-ultima-hora"],"_links":{"self":[{"href":"https:\/\/diarioregionaldigital.com.br\/index.php?rest_route=\/wp\/v2\/posts\/216282","targetHints":{"allow":["GET"]}}],"collection":[{"href":"https:\/\/diarioregionaldigital.com.br\/index.php?rest_route=\/wp\/v2\/posts"}],"about":[{"href":"https:\/\/diarioregionaldigital.com.br\/index.php?rest_route=\/wp\/v2\/types\/post"}],"author":[{"embeddable":true,"href":"https:\/\/diarioregionaldigital.com.br\/index.php?rest_route=\/wp\/v2\/users\/246"}],"replies":[{"embeddable":true,"href":"https:\/\/diarioregionaldigital.com.br\/index.php?rest_route=%2Fwp%2Fv2%2Fcomments&post=216282"}],"version-history":[{"count":1,"href":"https:\/\/diarioregionaldigital.com.br\/index.php?rest_route=\/wp\/v2\/posts\/216282\/revisions"}],"predecessor-version":[{"id":216284,"href":"https:\/\/diarioregionaldigital.com.br\/index.php?rest_route=\/wp\/v2\/posts\/216282\/revisions\/216284"}],"wp:featuredmedia":[{"embeddable":true,"href":"https:\/\/diarioregionaldigital.com.br\/index.php?rest_route=\/wp\/v2\/media\/216283"}],"wp:attachment":[{"href":"https:\/\/diarioregionaldigital.com.br\/index.php?rest_route=%2Fwp%2Fv2%2Fmedia&parent=216282"}],"wp:term":[{"taxonomy":"category","embeddable":true,"href":"https:\/\/diarioregionaldigital.com.br\/index.php?rest_route=%2Fwp%2Fv2%2Fcategories&post=216282"},{"taxonomy":"post_tag","embeddable":true,"href":"https:\/\/diarioregionaldigital.com.br\/index.php?rest_route=%2Fwp%2Fv2%2Ftags&post=216282"}],"curies":[{"name":"wp","href":"https:\/\/api.w.org\/{rel}","templated":true}]}}