{"id":216275,"date":"2023-07-19T22:45:11","date_gmt":"2023-07-20T01:45:11","guid":{"rendered":"https:\/\/diarioregionaldigital.com.br\/?p=216275"},"modified":"2023-07-19T22:45:11","modified_gmt":"2023-07-20T01:45:11","slug":"constituicao-brasileira-e-traduzida-pela-1a-vez-para-lingua-indigena","status":"publish","type":"post","link":"https:\/\/diarioregionaldigital.com.br\/?p=216275","title":{"rendered":"Constitui\u00e7\u00e3o brasileira \u00e9 traduzida pela 1\u00aa vez para l\u00edngua ind\u00edgena"},"content":{"rendered":"<p>Trinta e cinco anos ap\u00f3s promulgada, a Constitui\u00e7\u00e3o brasileira foi traduzida pela primeira vez para uma l\u00edngua ind\u00edgena: o nheengatu. Patrocinada pelo Supremo Tribunal Federal (STF) e pelo Conselho Nacional de Justi\u00e7a (CNJ), a nova vers\u00e3o da Carta Magna foi lan\u00e7ada nesta quarta-feira (19) no munic\u00edpio de S\u00e3o Gabriel da Cachoeira (AM), em uma cerim\u00f4nia na maloca da Federa\u00e7\u00e3o das Organiza\u00e7\u00f5es Ind\u00edgenas do Rio Negro (FOIRN). \u00a0<img decoding=\"async\" src=\"https:\/\/agenciabrasil.ebc.com.br\/ebc.png?id=1544544&amp;o=node\" \/><img decoding=\"async\" src=\"https:\/\/agenciabrasil.ebc.com.br\/ebc.gif?id=1544544&amp;o=node\" \/><\/p>\n<p>Presente no evento, a presidente do STF, ministra Rosa Weber, diz\u00a0que a tradu\u00e7\u00e3o marca um momento hist\u00f3rico. \u201cTraduzir a Constitui\u00e7\u00e3o para um idioma ind\u00edgena \u00e9 um s\u00edmbolo do nosso compromisso de garantir que todos os povos ind\u00edgenas tenham acesso \u00e0 justi\u00e7a e conhecimento das leis que regem nosso pa\u00eds, fortalecendo sua participa\u00e7\u00e3o na vida pol\u00edtica, social, econ\u00f4mica e jur\u00eddica\u201d, explicou.<\/p>\n<p>A\u00a0<a href=\"https:\/\/www.stf.jus.br\/arquivo\/cms\/noticiaNoticiaStf\/anexo\/ConstituicaoNheengatu_WEB1.pdf\" target=\"_blank\" rel=\"noopener\">Constitui\u00e7\u00e3o em nheengatu<\/a>\u00a0foi feita por um grupo de 15 ind\u00edgenas bil\u00edngues da regi\u00e3o do Alto Rio Negro e M\u00e9dio Tapaj\u00f3s, em promo\u00e7\u00e3o ao marco da D\u00e9cada Internacional das L\u00ednguas Ind\u00edgenas (2022-2032) das Na\u00e7\u00f5es Unidas. O \u00faltimo levantamento de l\u00ednguas ind\u00edgenas do Brasil registrou que as 305 etnias brasileiras mant\u00eam vivos 274 idiomas no pa\u00eds, segundo o\u00a0<a href=\"https:\/\/educa.ibge.gov.br\/criancas\/brasil\/nosso-povo\/20507-indigenas.html#:~:text=Existem%20hoje%20305%20etnias%20e,%25)%20fala%20alguma%20l%C3%ADngua%20ind%C3%ADgena\" target=\"_blank\" rel=\"noopener\">Censo de 2010<\/a>.<\/p>\n<p>\u201c(As l\u00ednguas) conseguiram sobreviver mesmo diante de sucessivos ataques desde o in\u00edcio do processo de coloniza\u00e7\u00e3o desse territ\u00f3rio, que j\u00e1 era casa de in\u00fameros povos ind\u00edgenas antes de ser chamado de Brasil. Por isso, preservar e valorizar a diversidade lingu\u00edstica brasileira \u00e9 fundamental para a constru\u00e7\u00e3o de uma sociedade plural e inclusiva\u201d, destacou a ministra do STF Rosa Weber.<\/p>\n<div class=\"dnd-widget-wrapper context-cheio_8colunas type-image\">\n<div class=\"dnd-atom-rendered\">\n<div class=\"shadow overflow-hidden rounded-lg d-block zoom-on-hover-sm shadow-hover w-100\"><img decoding=\"async\" class=\"flex-fill img-cover\" title=\"Fellipe Sampaio\/SCO\/STF\" src=\"https:\/\/imagens.ebc.com.br\/8lQVI6hZ94emdLqz1e6hxxVqLAc=\/754x0\/smart\/https:\/\/agenciabrasil.ebc.com.br\/sites\/default\/files\/thumbnails\/image\/53057644165_afd9f362ca_o.jpg?itok=KcGQiDiN\" alt=\"S\u00e3o Gabriel da Cachoeira (AM) 19\/07\/2023 - A presidente do Supremo Tribunal Federal (STF) e do Conselho Nacional de Justi\u00e7a (CNJ), Rosa Weber, lan\u00e7a a primeira Constitui\u00e7\u00e3o Federal traduzida em l\u00edngua ind\u00edgena, em S\u00e3o Gabriel da Cachoeira (AM).\nFoto: Fellipe Sampaio\/SCO\/STF\" \/><\/div>\n<\/div>\n<div class=\"dnd-caption-wrapper\">\n<h6 class=\"meta\">Rosa Weber lan\u00e7a a primeira Constitui\u00e7\u00e3o Federal traduzida em l\u00edngua ind\u00edgena &#8211; Fellipe Sampaio\/SCO\/STF<\/h6>\n<\/div>\n<\/div>\n<p>Os ind\u00edgenas presentes na cerim\u00f4nia comemoraram a tradu\u00e7\u00e3o da Constitui\u00e7\u00e3o. Lucas Marubo, do povo marubo, destacou que a tradu\u00e7\u00e3o abre um precedente para que outros povos tamb\u00e9m tenham seus direitos traduzidos.\u00a0\u201cMomento hist\u00f3rico para os povos ind\u00edgenas\u201d, destacou. J\u00e1 a tradutora Inory Kanamari, do povo kanamari, lembrou que \u00e9 a primeira ind\u00edgena da sua etnia a exercer a advocacia. \u201cEstamos num pa\u00eds com diversidade imensa e n\u00e3o escuto nossas l\u00ednguas nos espa\u00e7os. A gente precisa fazer parte\u201d, concluiu Inory.<\/p>\n<h2>L\u00edngua-Geral Amaz\u00f4nica<\/h2>\n<p>A presidente do STF Rosa Weber disse que a escolha da l\u00edngua nheengatu se deu devido a import\u00e2ncia dela para regi\u00e3o amaz\u00f4nica. \u201cPartiu da percep\u00e7\u00e3o de que esta l\u00edngua historicamente permitiu a comunica\u00e7\u00e3o entre comunidades de distintos povos espalhados em toda a regi\u00e3o amaz\u00f4nica, at\u00e9 a fronteira com o Peru, Col\u00f4mbia e Venezuela, e chegou, segundo historiadores, a ser prevalente no Brasil, at\u00e9 ser perseguida e proibida\u201d, explicou.<\/p>\n<p>Chamada de L\u00edngua Geral Amaz\u00f4nica, o nheengatu \u00e9 a \u00fanica l\u00edngua ainda viva hoje que descende do tupi antigo, tendo tra\u00e7os que a relacionam com o tupi falado na costa brasileira. \u201cAprendi que o nheengatu \u00e9 uma l\u00edngua do tronco do tupi-guarani e legou para a l\u00edngua brasileira milhares de voc\u00e1bulos, o nosso sotaque nasal e com preval\u00eancia de vogais, que em conjunto com a heran\u00e7a de outros idiomas ind\u00edgenas e dos idiomas africanos, caracteriza a nossa l\u00edngua como \u00fanica e uma das mais ricas do mundo\u201d, concluiu Weber.<\/p>\n<p>Tamb\u00e9m participaram do lan\u00e7amento da Constitui\u00e7\u00e3o em Nheengatu a ministra dos Povos Ind\u00edgenas, S\u00f4nia Guajajara, e a presidente da Funda\u00e7\u00e3o Nacional do \u00cdndio (Funai), Joenia Wapichana.<\/p>\n<div class=\"dnd-widget-wrapper context-cheio_8colunas type-image\">\n<div class=\"dnd-atom-rendered\">\n<div class=\"shadow overflow-hidden rounded-lg d-block zoom-on-hover-sm shadow-hover w-100\"><img decoding=\"async\" class=\"flex-fill img-cover\" title=\"Fellipe Sampaio\/SCO\/STF\" src=\"https:\/\/imagens.ebc.com.br\/vf57q0BemvwAsDd2g6Q_BtFQUTM=\/754x0\/smart\/https:\/\/agenciabrasil.ebc.com.br\/sites\/default\/files\/thumbnails\/image\/53057739033_f9543f0cb2_o.jpg?itok=cYb30JAC\" alt=\"S\u00e3o Gabriel da Cachoeira (AM) 19\/07\/2023 - A presidente do Supremo Tribunal Federal (STF) e do Conselho Nacional de Justi\u00e7a (CNJ), Rosa Weber (e) acompanhado da ministra dos Povos Ind\u00edgenas, Sonia Guajajara (e), durante lan\u00e7amento da primeira Constitui\u00e7\u00e3o Federal traduzida em l\u00edngua ind\u00edgena, em S\u00e3o Gabriel da Cachoeira (AM).\nFoto: Fellipe Sampaio\/SCO\/STF\" \/><\/div>\n<\/div>\n<div class=\"dnd-caption-wrapper\">\n<h6 class=\"meta\">Presidente do STF,\u00a0Rosa Weber, ao lado da\u00a0ministra dos Povos Ind\u00edgenas, Sonia Guajajara &#8211;\u00a0\u00a0<strong>Fellipe Sampaio\/SCO\/STF<\/p>\n<p><span style=\"font-weight: 400;\">Fonte: Ag\u00eancia Brasil <\/span><\/strong><\/h6>\n<\/div>\n<\/div>\n","protected":false},"excerpt":{"rendered":"<p>Trinta e cinco anos ap\u00f3s promulgada, a Constitui\u00e7\u00e3o brasileira foi traduzida pela primeira vez para uma l\u00edngua ind\u00edgena: o nheengatu. Patrocinada pelo Supremo Tribunal Federal (STF) e pelo Conselho Nacional de Justi\u00e7a (CNJ), a nova vers\u00e3o da Carta Magna foi lan\u00e7ada nesta quarta-feira (19) no munic\u00edpio de S\u00e3o Gabriel da Cachoeira (AM), em uma cerim\u00f4nia [&hellip;]<\/p>\n","protected":false},"author":246,"featured_media":216276,"comment_status":"closed","ping_status":"closed","sticky":false,"template":"","format":"standard","meta":{"footnotes":""},"categories":[436,254,439],"tags":[],"class_list":["post-216275","post","type-post","status-publish","format-standard","has-post-thumbnail","hentry","category-destaque-da-semana","category-politica","category-ultima-hora"],"_links":{"self":[{"href":"https:\/\/diarioregionaldigital.com.br\/index.php?rest_route=\/wp\/v2\/posts\/216275","targetHints":{"allow":["GET"]}}],"collection":[{"href":"https:\/\/diarioregionaldigital.com.br\/index.php?rest_route=\/wp\/v2\/posts"}],"about":[{"href":"https:\/\/diarioregionaldigital.com.br\/index.php?rest_route=\/wp\/v2\/types\/post"}],"author":[{"embeddable":true,"href":"https:\/\/diarioregionaldigital.com.br\/index.php?rest_route=\/wp\/v2\/users\/246"}],"replies":[{"embeddable":true,"href":"https:\/\/diarioregionaldigital.com.br\/index.php?rest_route=%2Fwp%2Fv2%2Fcomments&post=216275"}],"version-history":[{"count":1,"href":"https:\/\/diarioregionaldigital.com.br\/index.php?rest_route=\/wp\/v2\/posts\/216275\/revisions"}],"predecessor-version":[{"id":216277,"href":"https:\/\/diarioregionaldigital.com.br\/index.php?rest_route=\/wp\/v2\/posts\/216275\/revisions\/216277"}],"wp:featuredmedia":[{"embeddable":true,"href":"https:\/\/diarioregionaldigital.com.br\/index.php?rest_route=\/wp\/v2\/media\/216276"}],"wp:attachment":[{"href":"https:\/\/diarioregionaldigital.com.br\/index.php?rest_route=%2Fwp%2Fv2%2Fmedia&parent=216275"}],"wp:term":[{"taxonomy":"category","embeddable":true,"href":"https:\/\/diarioregionaldigital.com.br\/index.php?rest_route=%2Fwp%2Fv2%2Fcategories&post=216275"},{"taxonomy":"post_tag","embeddable":true,"href":"https:\/\/diarioregionaldigital.com.br\/index.php?rest_route=%2Fwp%2Fv2%2Ftags&post=216275"}],"curies":[{"name":"wp","href":"https:\/\/api.w.org\/{rel}","templated":true}]}}