{"id":216269,"date":"2023-07-19T22:36:46","date_gmt":"2023-07-20T01:36:46","guid":{"rendered":"https:\/\/diarioregionaldigital.com.br\/?p=216269"},"modified":"2023-07-19T22:36:46","modified_gmt":"2023-07-20T01:36:46","slug":"haddad-discute-pauta-economica-do-segundo-semestre-com-lira","status":"publish","type":"post","link":"https:\/\/diarioregionaldigital.com.br\/?p=216269","title":{"rendered":"Haddad discute pauta econ\u00f4mica do segundo semestre com Lira"},"content":{"rendered":"<p>O ministro da Fazenda, Fernando Haddad, encontrou-se fora da agenda oficial nesta quarta-feira (19) com o presidente da C\u00e2mara dos Deputados, Arthur Lira, para alinhar a vota\u00e7\u00e3o de pautas econ\u00f4micas no segundo semestre. Entre as prioridades previstas para os pr\u00f3ximos meses est\u00e3o a conclus\u00e3o da vota\u00e7\u00e3o do\u00a0<a href=\"https:\/\/agenciabrasil.ebc.com.br\/economia\/noticia\/2023-03\/agencia-brasil-explica-o-que-e-arcabouco-fiscal\" target=\"_blank\" rel=\"noopener\">novo arcabou\u00e7o fiscal<\/a>\u00a0e do marco legal das garantias de empr\u00e9stimos.<img decoding=\"async\" src=\"https:\/\/agenciabrasil.ebc.com.br\/ebc.png?id=1544574&amp;o=node\" \/><img decoding=\"async\" src=\"https:\/\/agenciabrasil.ebc.com.br\/ebc.gif?id=1544574&amp;o=node\" \/><\/p>\n<p>Os dois temas foram aprovados pelo Senado e voltaram \u00e0 C\u00e2mara. \u201cAcabei de vir da resid\u00eancia [oficial] do presidente Arthur Lira para discutir a agenda do segundo semestre. Uma coisa que n\u00f3s temos expectativa que seja votada \u00e9 o Marco de Garantias\u201d, declarou o ministro ao voltar do encontro.<\/p>\n<p>Mais cedo, Haddad almo\u00e7ou com o novo diretor de Pol\u00edtica Monet\u00e1ria do Banco Central (BC),\u00a0<a href=\"https:\/\/agenciabrasil.ebc.com.br\/economia\/noticia\/2023-06\/indicado-para-bc-galipolo-e-exonerado-do-ministerio-da-fazenda\" target=\"_blank\" rel=\"noopener\">Gabriel Gal\u00edpolo<\/a>, que tomou posse na semana passada. Segundo o ministro, a nomea\u00e7\u00e3o do ex-secret\u00e1rio executivo da Fazenda para o BC tem como objetivo aproximar as equipes dos dois \u00f3rg\u00e3os e evitar ru\u00eddos de informa\u00e7\u00f5es.<\/p>\n<p>\u201cO objetivo de Gal\u00edpolo estar no Banco Central \u00e9 aproximar as equipes, ter uma intera\u00e7\u00e3o maior, trocar informa\u00e7\u00f5es. Nem sempre as informa\u00e7\u00f5es batem\u201d, declarou.<\/p>\n<p>Haddad reiterou que a\u00a0<a href=\"https:\/\/agenciabrasil.ebc.com.br\/economia\/noticia\/2023-07\/desaceleracao-da-economia-pelo-bc-chegou-forte-avalia-haddad\" target=\"_blank\" rel=\"noopener\">desacelera\u00e7\u00e3o da atividade econ\u00f4mica est\u00e1 forte<\/a>\u00a0e que Gal\u00edpolo \u201cser\u00e1 uma ponte muito importante\u201d num momento que exige cautela.<\/p>\n<p>Por protocolo do Banco Central aplicado aos diretores, Gal\u00edpolo saiu do almo\u00e7o sem falar com a imprensa.<\/p>\n<p><span style=\"font-weight: 400;\">Fonte: Ag\u00eancia Brasil <\/span><\/p>\n","protected":false},"excerpt":{"rendered":"<p>O ministro da Fazenda, Fernando Haddad, encontrou-se fora da agenda oficial nesta quarta-feira (19) com o presidente da C\u00e2mara dos Deputados, Arthur Lira, para alinhar a vota\u00e7\u00e3o de pautas econ\u00f4micas no segundo semestre. Entre as prioridades previstas para os pr\u00f3ximos meses est\u00e3o a conclus\u00e3o da vota\u00e7\u00e3o do\u00a0novo arcabou\u00e7o fiscal\u00a0e do marco legal das garantias de [&hellip;]<\/p>\n","protected":false},"author":246,"featured_media":216270,"comment_status":"closed","ping_status":"closed","sticky":false,"template":"","format":"standard","meta":{"footnotes":""},"categories":[436,261,439],"tags":[],"class_list":["post-216269","post","type-post","status-publish","format-standard","has-post-thumbnail","hentry","category-destaque-da-semana","category-economia","category-ultima-hora"],"_links":{"self":[{"href":"https:\/\/diarioregionaldigital.com.br\/index.php?rest_route=\/wp\/v2\/posts\/216269","targetHints":{"allow":["GET"]}}],"collection":[{"href":"https:\/\/diarioregionaldigital.com.br\/index.php?rest_route=\/wp\/v2\/posts"}],"about":[{"href":"https:\/\/diarioregionaldigital.com.br\/index.php?rest_route=\/wp\/v2\/types\/post"}],"author":[{"embeddable":true,"href":"https:\/\/diarioregionaldigital.com.br\/index.php?rest_route=\/wp\/v2\/users\/246"}],"replies":[{"embeddable":true,"href":"https:\/\/diarioregionaldigital.com.br\/index.php?rest_route=%2Fwp%2Fv2%2Fcomments&post=216269"}],"version-history":[{"count":1,"href":"https:\/\/diarioregionaldigital.com.br\/index.php?rest_route=\/wp\/v2\/posts\/216269\/revisions"}],"predecessor-version":[{"id":216271,"href":"https:\/\/diarioregionaldigital.com.br\/index.php?rest_route=\/wp\/v2\/posts\/216269\/revisions\/216271"}],"wp:featuredmedia":[{"embeddable":true,"href":"https:\/\/diarioregionaldigital.com.br\/index.php?rest_route=\/wp\/v2\/media\/216270"}],"wp:attachment":[{"href":"https:\/\/diarioregionaldigital.com.br\/index.php?rest_route=%2Fwp%2Fv2%2Fmedia&parent=216269"}],"wp:term":[{"taxonomy":"category","embeddable":true,"href":"https:\/\/diarioregionaldigital.com.br\/index.php?rest_route=%2Fwp%2Fv2%2Fcategories&post=216269"},{"taxonomy":"post_tag","embeddable":true,"href":"https:\/\/diarioregionaldigital.com.br\/index.php?rest_route=%2Fwp%2Fv2%2Ftags&post=216269"}],"curies":[{"name":"wp","href":"https:\/\/api.w.org\/{rel}","templated":true}]}}