{"id":216265,"date":"2023-07-19T22:35:26","date_gmt":"2023-07-20T01:35:26","guid":{"rendered":"https:\/\/diarioregionaldigital.com.br\/?p=216265"},"modified":"2023-07-19T22:35:26","modified_gmt":"2023-07-20T01:35:26","slug":"exploracao-na-margem-equatorial-e-questao-de-estado-afirma-prates","status":"publish","type":"post","link":"https:\/\/diarioregionaldigital.com.br\/?p=216265","title":{"rendered":"Explora\u00e7\u00e3o na margem equatorial \u00e9 quest\u00e3o de Estado, afirma Prates"},"content":{"rendered":"<p>A defini\u00e7\u00e3o se a Petrobras pode fazer perfura\u00e7\u00f5es para explora\u00e7\u00e3o de petr\u00f3leo na margem equatorial \u00e9 uma quest\u00e3o que est\u00e1 sendo avaliada pelo Estado brasileiro, afirmou nesta quarta-feira (19) o presidente da estatal, Jean Paul Prates. Segundo ele, a quest\u00e3o envolve v\u00e1rios \u00f3rg\u00e3os, entre os quais\u00a0a Casa Civil e a Advocacia-Geral da Uni\u00e3o (AGU). \u201c\u00c9 o Estado brasileiro se movendo para resolver esta quest\u00e3o internamente\u201d, disse durante encontro com jornalistas nesta quarta-feira (19) no Centro de Pesquisa, Desenvolvimento e Inova\u00e7\u00e3o Leopoldo Am\u00e9rico Miguez de Mello (Cenpes), da Petrobras, na Ilha do Fund\u00e3o, zona norte do Rio de Janeiro.<img decoding=\"async\" src=\"https:\/\/agenciabrasil.ebc.com.br\/ebc.png?id=1544575&amp;o=node\" \/><img decoding=\"async\" src=\"https:\/\/agenciabrasil.ebc.com.br\/ebc.gif?id=1544575&amp;o=node\" \/><\/p>\n<p>O diretor de Explora\u00e7\u00e3o e Produ\u00e7\u00e3o da Petrobras, Joelson Mendes, disse que tecnicamente os geocientistas da companhia dizem que a extensa margem equatorial que vai do Amap\u00e1 ao Rio Grande do Norte \u00e9 a \u00faltima grande fronteira explorat\u00f3ria brasileira. Na vis\u00e3o do diretor, \u00e9 algo que pode mudar o jogo, assim como ocorreu com as \u00e1guas profundas da Bacia de Campos e o pr\u00e9-sal, sendo que nessas \u00e1reas h\u00e1 um limite.<\/p>\n<p>\u201cEssas bacias v\u00e3o chegar na sua maturidade, a produ\u00e7\u00e3o do pr\u00e9-sal vai chegar ao seu pico ao redor de 2030, 2032 e para a seguran\u00e7a energ\u00e9tica brasileira. Para que n\u00f3s, como companhia, consigamos sobrevivendo como empresa de explora\u00e7\u00e3o de petr\u00f3leo, a gente precisa de novas fronteiras explorat\u00f3rias, por isso todo o nosso esfor\u00e7o de levar as melhores t\u00e9cnicas e toda a nossa hist\u00f3ria como empresa que cuida das pessoas, do meio ambiente e da sociedade, para que a gente consiga ter a licen\u00e7a para perfurar na margem equatorial\u201d, observou, defendendo a explora\u00e7\u00e3o na margem equatorial.<\/p>\n<h2>Dividendos<\/h2>\n<p>O diretor Financeiro e de Relacionamento com Investidores, S\u00e9rgio Caetano Leite, disse que as novas regras da pol\u00edtica de dividendos da companhia est\u00e3o sendo preparadas por um grupo de trabalho que deve concluir tudo at\u00e9 o fim deste m\u00eas. A expectativa \u00e9 que sejam conhecidas na divulga\u00e7\u00e3o do balan\u00e7o da companhia relativo ao segundo trimestre. O diretor n\u00e3o participa do grupo por uma quest\u00e3o de governan\u00e7a da empresa e afirmou que por esse motivo\u00a0n\u00e3o tem como adiantar o percentual de distribui\u00e7\u00e3o.<\/p>\n<p>Leite acredita que o per\u00edodo de distribui\u00e7\u00e3o pode permanecer trimestral, mas destacou que, depois de conclu\u00edda a an\u00e1lise do grupo de trabalho, ter\u00e1 que passar pela aprova\u00e7\u00e3o do Conselho de Administra\u00e7\u00e3o. \u201cToda vez que delibera, delibera o pagamento dos dividendos correntes, ent\u00e3o a gente vai ter delibera\u00e7\u00e3o do pagamento do segundo trimestre j\u00e1 deve ocorrer com base na nova regra\u201d, acrescentou.<\/p>\n<p>A inten\u00e7\u00e3o da Petrobras \u00e9 reduzir a distribui\u00e7\u00e3o de dividendos e, com a diferen\u00e7a, poder ampliar os investimentos.<\/p>\n<h2>Conflito<\/h2>\n<p>Por diversas vezes durante o encontro com os jornalistas, o presidente\u00a0negou a exist\u00eancia de uma crise, nem na ret\u00f3rica e muito menos operacionalmente, com o ministro de Minas e Energia, Alexandre Ferreira, que cobra a oferta de g\u00e1s natural pela companhia ao mercado brasileiro.<\/p>\n<p>\u201c\u00c9 natural tamb\u00e9m [o ministro cobrar]. Tem que acabar com essa celeuma de que o ministro est\u00e1 brigando. Ele n\u00e3o est\u00e1 brigando. Ele \u00e9 ministro tem que cobrar de tudo. Ele tem que supervisionar minera\u00e7\u00e3o, o setor el\u00e9trico, a Petrobras. Ele tem direito de fazer cobran\u00e7as, tem direito de receber informa\u00e7\u00f5es. Ningu\u00e9m vai tirar conflito de mim \u00e0\u00a0toa. Eu respeito o ministro, os ministros, o presidente da Rep\u00fablica, s\u00e3o os acionistas majorit\u00e1rios e controladores da empresa, mas a gente vai fazendo o nosso trabalho e vai explicando as coisas, como est\u00e1 explicando \u00e0 sociedade. O fato \u00e9 que estamos fazendo o nosso trabalho corretamente. Ningu\u00e9m deliberadamente sonega g\u00e1s ou deixa de monetizar g\u00e1s porque quer\u201d, assegurou.<\/p>\n<p><span style=\"font-weight: 400;\">Fonte: Ag\u00eancia Brasil <\/span><\/p>\n","protected":false},"excerpt":{"rendered":"<p>A defini\u00e7\u00e3o se a Petrobras pode fazer perfura\u00e7\u00f5es para explora\u00e7\u00e3o de petr\u00f3leo na margem equatorial \u00e9 uma quest\u00e3o que est\u00e1 sendo avaliada pelo Estado brasileiro, afirmou nesta quarta-feira (19) o presidente da estatal, Jean Paul Prates. Segundo ele, a quest\u00e3o envolve v\u00e1rios \u00f3rg\u00e3os, entre os quais\u00a0a Casa Civil e a Advocacia-Geral da Uni\u00e3o (AGU). \u201c\u00c9 [&hellip;]<\/p>\n","protected":false},"author":246,"featured_media":216266,"comment_status":"closed","ping_status":"closed","sticky":false,"template":"","format":"standard","meta":{"footnotes":""},"categories":[436,261,439],"tags":[],"class_list":["post-216265","post","type-post","status-publish","format-standard","has-post-thumbnail","hentry","category-destaque-da-semana","category-economia","category-ultima-hora"],"_links":{"self":[{"href":"https:\/\/diarioregionaldigital.com.br\/index.php?rest_route=\/wp\/v2\/posts\/216265","targetHints":{"allow":["GET"]}}],"collection":[{"href":"https:\/\/diarioregionaldigital.com.br\/index.php?rest_route=\/wp\/v2\/posts"}],"about":[{"href":"https:\/\/diarioregionaldigital.com.br\/index.php?rest_route=\/wp\/v2\/types\/post"}],"author":[{"embeddable":true,"href":"https:\/\/diarioregionaldigital.com.br\/index.php?rest_route=\/wp\/v2\/users\/246"}],"replies":[{"embeddable":true,"href":"https:\/\/diarioregionaldigital.com.br\/index.php?rest_route=%2Fwp%2Fv2%2Fcomments&post=216265"}],"version-history":[{"count":2,"href":"https:\/\/diarioregionaldigital.com.br\/index.php?rest_route=\/wp\/v2\/posts\/216265\/revisions"}],"predecessor-version":[{"id":216268,"href":"https:\/\/diarioregionaldigital.com.br\/index.php?rest_route=\/wp\/v2\/posts\/216265\/revisions\/216268"}],"wp:featuredmedia":[{"embeddable":true,"href":"https:\/\/diarioregionaldigital.com.br\/index.php?rest_route=\/wp\/v2\/media\/216266"}],"wp:attachment":[{"href":"https:\/\/diarioregionaldigital.com.br\/index.php?rest_route=%2Fwp%2Fv2%2Fmedia&parent=216265"}],"wp:term":[{"taxonomy":"category","embeddable":true,"href":"https:\/\/diarioregionaldigital.com.br\/index.php?rest_route=%2Fwp%2Fv2%2Fcategories&post=216265"},{"taxonomy":"post_tag","embeddable":true,"href":"https:\/\/diarioregionaldigital.com.br\/index.php?rest_route=%2Fwp%2Fv2%2Ftags&post=216265"}],"curies":[{"name":"wp","href":"https:\/\/api.w.org\/{rel}","templated":true}]}}