{"id":216262,"date":"2023-07-19T22:33:45","date_gmt":"2023-07-20T01:33:45","guid":{"rendered":"https:\/\/diarioregionaldigital.com.br\/?p=216262"},"modified":"2023-07-19T22:33:45","modified_gmt":"2023-07-20T01:33:45","slug":"dolar-cai-para-r-478-e-aproxima-se-da-minima-do-ano","status":"publish","type":"post","link":"https:\/\/diarioregionaldigital.com.br\/?p=216262","title":{"rendered":"D\u00f3lar cai para R$ 4,78 e aproxima-se da m\u00ednima do ano"},"content":{"rendered":"<p>Em meio \u00e0s expectativas sobre os juros no Brasil e no exterior, o d\u00f3lar caiu para abaixo de R$ 4,80 e voltou a aproximar-se da m\u00ednima do ano. O otimismo n\u00e3o se manifestou na bolsa de valores, que caiu pelo segundo dia seguido.<img decoding=\"async\" src=\"https:\/\/agenciabrasil.ebc.com.br\/ebc.png?id=1544584&amp;o=node\" \/><img decoding=\"async\" src=\"https:\/\/agenciabrasil.ebc.com.br\/ebc.gif?id=1544584&amp;o=node\" \/><\/p>\n<p>O d\u00f3lar comercial encerrou esta quarta-feira (19) vendido a R$ 4,786, com queda de R$ 0,023 (-0,48%). A cota\u00e7\u00e3o iniciou o dia em leve alta, mas inverteu o movimento e passou a cair ap\u00f3s a abertura do mercado norte-americano, at\u00e9 fechar pr\u00f3xima da m\u00ednima do dia.<\/p>\n<p>Em queda ap\u00f3s tr\u00eas dias seguidos de alta, a moeda norte-americana aproxima-se da menor cota\u00e7\u00e3o do ano, registrada em 26 de junho. Naquele dia, a divisa encerrou vendida a R$ 4,767. O d\u00f3lar acumula queda de 0,08% no m\u00eas e recua 9,36% em 2023.<\/p>\n<p>A euforia no mercado de c\u00e2mbio n\u00e3o se repetiu no mercado de a\u00e7\u00f5es. O \u00edndice Ibovespa, da B3, fechou aos 117.552 pontos, com queda de 0,25%. O indicador chegou a cair 1% \u00e0s 13h. Apesar de uma recupera\u00e7\u00e3o durante a tarde, a bolsa n\u00e3o conseguiu reverter a queda.<\/p>\n<p>O mercado foi influenciado tanto por fatores dom\u00e9sticos como externos. Mesmo com a possibilidade de o Banco Central (BC) reduzir a Taxa Selic (juros b\u00e1sicos da economia) na pr\u00f3xima reuni\u00e3o do Comit\u00ea de Pol\u00edtica Monet\u00e1ria (Copom), no in\u00edcio de agosto, os juros brasileiros permanecem altos e continuam a atrair capitais estrangeiros.<\/p>\n<p>No exterior, a divulga\u00e7\u00e3o de \u00edndices de infla\u00e7\u00e3o menores que o esperado nos Estados Unidos e em outras economias avan\u00e7adas reduzem a press\u00e3o para que os Bancos Centrais desses pa\u00edses elevem os juros. Na pr\u00f3xima semana, o Federal Reserve (Fed, Banco Central norte-americano) decide os juros da maior economia do planeta. O mercado aposta numa eleva\u00e7\u00e3o de 0,25 ponto percentual, que seria a \u00faltima do ciclo de alta que come\u00e7ou em 2022.<\/p>\n<p>A\u00a0<strong>Ag\u00eancia Brasil<\/strong>\u00a0est\u00e1 publicando mat\u00e9rias sobre o fechamento do mercado financeiro apenas em dias extraordin\u00e1rios. A cota\u00e7\u00e3o do d\u00f3lar e o n\u00edvel da bolsa de valores n\u00e3o s\u00e3o mais informados diariamente.<\/p>\n<p><span style=\"font-weight: 400;\">Fonte: Ag\u00eancia Brasil <\/span><\/p>\n","protected":false},"excerpt":{"rendered":"<p>Em meio \u00e0s expectativas sobre os juros no Brasil e no exterior, o d\u00f3lar caiu para abaixo de R$ 4,80 e voltou a aproximar-se da m\u00ednima do ano. O otimismo n\u00e3o se manifestou na bolsa de valores, que caiu pelo segundo dia seguido. O d\u00f3lar comercial encerrou esta quarta-feira (19) vendido a R$ 4,786, com [&hellip;]<\/p>\n","protected":false},"author":246,"featured_media":216263,"comment_status":"closed","ping_status":"closed","sticky":false,"template":"","format":"standard","meta":{"footnotes":""},"categories":[436,261,439],"tags":[],"class_list":["post-216262","post","type-post","status-publish","format-standard","has-post-thumbnail","hentry","category-destaque-da-semana","category-economia","category-ultima-hora"],"_links":{"self":[{"href":"https:\/\/diarioregionaldigital.com.br\/index.php?rest_route=\/wp\/v2\/posts\/216262","targetHints":{"allow":["GET"]}}],"collection":[{"href":"https:\/\/diarioregionaldigital.com.br\/index.php?rest_route=\/wp\/v2\/posts"}],"about":[{"href":"https:\/\/diarioregionaldigital.com.br\/index.php?rest_route=\/wp\/v2\/types\/post"}],"author":[{"embeddable":true,"href":"https:\/\/diarioregionaldigital.com.br\/index.php?rest_route=\/wp\/v2\/users\/246"}],"replies":[{"embeddable":true,"href":"https:\/\/diarioregionaldigital.com.br\/index.php?rest_route=%2Fwp%2Fv2%2Fcomments&post=216262"}],"version-history":[{"count":1,"href":"https:\/\/diarioregionaldigital.com.br\/index.php?rest_route=\/wp\/v2\/posts\/216262\/revisions"}],"predecessor-version":[{"id":216264,"href":"https:\/\/diarioregionaldigital.com.br\/index.php?rest_route=\/wp\/v2\/posts\/216262\/revisions\/216264"}],"wp:featuredmedia":[{"embeddable":true,"href":"https:\/\/diarioregionaldigital.com.br\/index.php?rest_route=\/wp\/v2\/media\/216263"}],"wp:attachment":[{"href":"https:\/\/diarioregionaldigital.com.br\/index.php?rest_route=%2Fwp%2Fv2%2Fmedia&parent=216262"}],"wp:term":[{"taxonomy":"category","embeddable":true,"href":"https:\/\/diarioregionaldigital.com.br\/index.php?rest_route=%2Fwp%2Fv2%2Fcategories&post=216262"},{"taxonomy":"post_tag","embeddable":true,"href":"https:\/\/diarioregionaldigital.com.br\/index.php?rest_route=%2Fwp%2Fv2%2Ftags&post=216262"}],"curies":[{"name":"wp","href":"https:\/\/api.w.org\/{rel}","templated":true}]}}