{"id":216259,"date":"2023-07-19T22:32:07","date_gmt":"2023-07-20T01:32:07","guid":{"rendered":"https:\/\/diarioregionaldigital.com.br\/?p=216259"},"modified":"2023-07-19T22:32:07","modified_gmt":"2023-07-20T01:32:07","slug":"isencao-de-compras-online-causara-25-mi-de-demissoes-dizem-entidades","status":"publish","type":"post","link":"https:\/\/diarioregionaldigital.com.br\/?p=216259","title":{"rendered":"Isen\u00e7\u00e3o de compras online causar\u00e1 2,5 mi de demiss\u00f5es, dizem entidades"},"content":{"rendered":"<p>Prevista para entrar em vigor em agosto, a isen\u00e7\u00e3o de tributos federais para\u00a0<a href=\"https:\/\/agenciabrasil.ebc.com.br\/economia\/noticia\/2023-06\/compras-de-ate-us-50-pela-internet-ficam-livres-de-taxacao\" target=\"_blank\" rel=\"noopener\">compras online de at\u00e9 US$ 50<\/a>\u00a0poder\u00e1 causar at\u00e9 2,5 milh\u00f5es de demiss\u00f5es, disseram nesta quarta-feira (19) o presidente da Confedera\u00e7\u00e3o Nacional da Ind\u00fastria (CNI), Robson Andrade, e o presidente do Instituto para Desenvolvimento do Varejo (IDV), Jorge Gon\u00e7alves Filho. Os dois reuniram-se com o ministro da Fazenda, Fernando Haddad, para entregar um estudo com os poss\u00edveis efeitos da medida.<img decoding=\"async\" src=\"https:\/\/agenciabrasil.ebc.com.br\/ebc.png?id=1544599&amp;o=node\" \/><img decoding=\"async\" src=\"https:\/\/agenciabrasil.ebc.com.br\/ebc.gif?id=1544599&amp;o=node\" \/><\/p>\n<p>Segundo o levantamento, o varejo demitiria 2 milh\u00f5es de trabalhadores at\u00e9 o fim do ano; e a ind\u00fastria, 500 mil. As entidades pediram a retomada da taxa\u00e7\u00e3o dessa faixa de compra, para evitar preju\u00edzos \u00e0\u00a0economia.<\/p>\n<p>\u201cPara se ter uma ideia, s\u00e3o mais de 1 milh\u00e3o de pacotes por dia que est\u00e3o chegando com esse valor de at\u00e9 US$ 50. Eles est\u00e3o chegando numa propor\u00e7\u00e3o que dar\u00e1 R$ 60 bilh\u00f5es [em compras online] por ano. S\u00f3 na ind\u00fastria, fizemos uma estimativa que vamos perder 500 mil empregos, que representam R$ 20 bilh\u00f5es da folha salarial\u201d, declarou o presidente da CNI ap\u00f3s o encontro.<\/p>\n<p>As entidades defendem a retomada da taxa\u00e7\u00e3o para garantir isonomia entre os produtos importados com os produtos nacionais. \u201cSe esses produtos n\u00e3o pagam imposto, a ind\u00fastria brasileira est\u00e1 pagando um imposto que vai retirar empregos e sal\u00e1rios dos brasileiros\u201d, afirmou Andrade.<\/p>\n<p>O presidente do IDV alertou para o risco de a isen\u00e7\u00e3o estimular a entrada de produtos falsificados no pa\u00eds. Isso porque, segundo Gon\u00e7alves, a Receita Federal n\u00e3o conseguir\u00e1 fiscalizar a quantidade de pacotes. \u201cA isen\u00e7\u00e3o com esse valor virou um absurdo de falsifica\u00e7\u00e3o, produtos que n\u00e3o se sabe de onde vem, que antes eram por pessoas f\u00edsicas, pessoas jur\u00eddicas, perdeu-se o controle\u201d, criticou.<\/p>\n<h2>An\u00e1lise<\/h2>\n<p>N\u00famero dois do Minist\u00e9rio da Fazenda, o secret\u00e1rio-executivo da pasta, Dario Durigan, tamb\u00e9m participou da reuni\u00e3o. Ele disse que a conversa foi produtiva e prometeu analisar o estudo. \u201cO dado sobre o impacto nos empregos chama aten\u00e7\u00e3o, e o estudo tem dados muito consistentes nesse sentido. Como muitos t\u00eam acompanhado, a Fazenda tem normatizado esse tema para que a gente traga esse assunto \u00e0 luz do dia, ele n\u00e3o pode ficar sem tratamento, sem\u00a0<em>compliance<\/em>, como foi colocado\u201d, disse Durigan.<\/p>\n<p>No dia da edi\u00e7\u00e3o da portaria que isentou as importa\u00e7\u00f5es de at\u00e9 US$ 50 de tributos federais, o ministro da Fazenda, Fernando Haddad, disse que a\u00a0<a href=\"https:\/\/agenciabrasil.ebc.com.br\/economia\/noticia\/2023-06\/imposto-federal-sobre-comercio-eletronico-ficara-para-segunda-etapa\" target=\"_blank\" rel=\"noopener\">an\u00e1lise de um imposto federal<\/a>\u00a0sobre o com\u00e9rcio eletr\u00f4nico ficaria para uma segunda etapa. Ele, no entanto, evitou comentar se a tributa\u00e7\u00e3o seria reinstitu\u00edda. Apenas disse que o \u201cplano de conformidade\u201d buscar\u00e1 preservar o equil\u00edbrio entre os varejistas nacionais e as lojas online de produtos importados.<\/p>\n<p><span style=\"font-weight: 400;\">Fonte: Ag\u00eancia Brasil <\/span><\/p>\n","protected":false},"excerpt":{"rendered":"<p>Prevista para entrar em vigor em agosto, a isen\u00e7\u00e3o de tributos federais para\u00a0compras online de at\u00e9 US$ 50\u00a0poder\u00e1 causar at\u00e9 2,5 milh\u00f5es de demiss\u00f5es, disseram nesta quarta-feira (19) o presidente da Confedera\u00e7\u00e3o Nacional da Ind\u00fastria (CNI), Robson Andrade, e o presidente do Instituto para Desenvolvimento do Varejo (IDV), Jorge Gon\u00e7alves Filho. Os dois reuniram-se com [&hellip;]<\/p>\n","protected":false},"author":246,"featured_media":216260,"comment_status":"closed","ping_status":"closed","sticky":false,"template":"","format":"standard","meta":{"footnotes":""},"categories":[436,440,261,439],"tags":[],"class_list":["post-216259","post","type-post","status-publish","format-standard","has-post-thumbnail","hentry","category-destaque-da-semana","category-destaques-do-dia","category-economia","category-ultima-hora"],"_links":{"self":[{"href":"https:\/\/diarioregionaldigital.com.br\/index.php?rest_route=\/wp\/v2\/posts\/216259","targetHints":{"allow":["GET"]}}],"collection":[{"href":"https:\/\/diarioregionaldigital.com.br\/index.php?rest_route=\/wp\/v2\/posts"}],"about":[{"href":"https:\/\/diarioregionaldigital.com.br\/index.php?rest_route=\/wp\/v2\/types\/post"}],"author":[{"embeddable":true,"href":"https:\/\/diarioregionaldigital.com.br\/index.php?rest_route=\/wp\/v2\/users\/246"}],"replies":[{"embeddable":true,"href":"https:\/\/diarioregionaldigital.com.br\/index.php?rest_route=%2Fwp%2Fv2%2Fcomments&post=216259"}],"version-history":[{"count":1,"href":"https:\/\/diarioregionaldigital.com.br\/index.php?rest_route=\/wp\/v2\/posts\/216259\/revisions"}],"predecessor-version":[{"id":216261,"href":"https:\/\/diarioregionaldigital.com.br\/index.php?rest_route=\/wp\/v2\/posts\/216259\/revisions\/216261"}],"wp:featuredmedia":[{"embeddable":true,"href":"https:\/\/diarioregionaldigital.com.br\/index.php?rest_route=\/wp\/v2\/media\/216260"}],"wp:attachment":[{"href":"https:\/\/diarioregionaldigital.com.br\/index.php?rest_route=%2Fwp%2Fv2%2Fmedia&parent=216259"}],"wp:term":[{"taxonomy":"category","embeddable":true,"href":"https:\/\/diarioregionaldigital.com.br\/index.php?rest_route=%2Fwp%2Fv2%2Fcategories&post=216259"},{"taxonomy":"post_tag","embeddable":true,"href":"https:\/\/diarioregionaldigital.com.br\/index.php?rest_route=%2Fwp%2Fv2%2Ftags&post=216259"}],"curies":[{"name":"wp","href":"https:\/\/api.w.org\/{rel}","templated":true}]}}