{"id":216256,"date":"2023-07-19T01:53:30","date_gmt":"2023-07-19T04:53:30","guid":{"rendered":"https:\/\/diarioregionaldigital.com.br\/?p=216256"},"modified":"2023-07-19T01:53:30","modified_gmt":"2023-07-19T04:53:30","slug":"prefeitura-municipal-descoberto-contrato-no054-19-07-2023","status":"publish","type":"post","link":"https:\/\/diarioregionaldigital.com.br\/?p=216256","title":{"rendered":"Prefeitura Municipal Descoberto &#8211; Contrato n\u00ba054 &#8211; 19\/07\/2023"},"content":{"rendered":"<p style=\"text-align: center;\"><strong>EXTRATO DE CONTRATO<\/strong><\/p>\n<p style=\"text-align: center;\">Pref. Municipal de Descoberto x Raphael Salgado Loures 08282710628 \u00a0\u2013 Contrata\u00e7\u00e3o de servi\u00e7os especializados para realiza\u00e7\u00e3o de levantamento topogr\u00e1fico cadastral e posterior loca\u00e7\u00e3o de rua e lotes da \u00e1rea de expans\u00e3o da Coab \u00a0\u2013 \u00a0Fundamento: Dispensa n\u00ba 004\/2023 &#8211; Valor Global: R$ 4.300,00 &#8211; Vig\u00eancia: 03 meses &#8211;\u00a0 Dot or\u00e7: 02.02006.15.122.0002.201-339039\/500 \u00a0&#8211; \u00a0\u00a0Ass: 19\/072023 &#8211; Foro: S\u00e3o Jo\u00e3o Nepomuceno\/MG.<\/p>\n<p style=\"text-align: center;\"><strong>Marcos de Ara\u00fajo Lima<\/strong><\/p>\n<p style=\"text-align: center;\"><strong>Prefeito Municipal<\/strong><\/p>\n","protected":false},"excerpt":{"rendered":"<p>EXTRATO DE CONTRATO Pref. Municipal de Descoberto x Raphael Salgado Loures 08282710628 \u00a0\u2013 Contrata\u00e7\u00e3o de servi\u00e7os especializados para realiza\u00e7\u00e3o de levantamento topogr\u00e1fico cadastral e posterior loca\u00e7\u00e3o de rua e lotes da \u00e1rea de expans\u00e3o da Coab \u00a0\u2013 \u00a0Fundamento: Dispensa n\u00ba 004\/2023 &#8211; Valor Global: R$ 4.300,00 &#8211; Vig\u00eancia: 03 meses &#8211;\u00a0 Dot or\u00e7: 02.02006.15.122.0002.201-339039\/500 \u00a0&#8211; [&hellip;]<\/p>\n","protected":false},"author":96,"featured_media":0,"comment_status":"closed","ping_status":"closed","sticky":false,"template":"","format":"standard","meta":{"footnotes":""},"categories":[307],"tags":[],"class_list":["post-216256","post","type-post","status-publish","format-standard","hentry","category-editais"],"_links":{"self":[{"href":"https:\/\/diarioregionaldigital.com.br\/index.php?rest_route=\/wp\/v2\/posts\/216256","targetHints":{"allow":["GET"]}}],"collection":[{"href":"https:\/\/diarioregionaldigital.com.br\/index.php?rest_route=\/wp\/v2\/posts"}],"about":[{"href":"https:\/\/diarioregionaldigital.com.br\/index.php?rest_route=\/wp\/v2\/types\/post"}],"author":[{"embeddable":true,"href":"https:\/\/diarioregionaldigital.com.br\/index.php?rest_route=\/wp\/v2\/users\/96"}],"replies":[{"embeddable":true,"href":"https:\/\/diarioregionaldigital.com.br\/index.php?rest_route=%2Fwp%2Fv2%2Fcomments&post=216256"}],"version-history":[{"count":1,"href":"https:\/\/diarioregionaldigital.com.br\/index.php?rest_route=\/wp\/v2\/posts\/216256\/revisions"}],"predecessor-version":[{"id":216257,"href":"https:\/\/diarioregionaldigital.com.br\/index.php?rest_route=\/wp\/v2\/posts\/216256\/revisions\/216257"}],"wp:attachment":[{"href":"https:\/\/diarioregionaldigital.com.br\/index.php?rest_route=%2Fwp%2Fv2%2Fmedia&parent=216256"}],"wp:term":[{"taxonomy":"category","embeddable":true,"href":"https:\/\/diarioregionaldigital.com.br\/index.php?rest_route=%2Fwp%2Fv2%2Fcategories&post=216256"},{"taxonomy":"post_tag","embeddable":true,"href":"https:\/\/diarioregionaldigital.com.br\/index.php?rest_route=%2Fwp%2Fv2%2Ftags&post=216256"}],"curies":[{"name":"wp","href":"https:\/\/api.w.org\/{rel}","templated":true}]}}