{"id":216246,"date":"2023-07-18T19:56:24","date_gmt":"2023-07-18T22:56:24","guid":{"rendered":"https:\/\/diarioregionaldigital.com.br\/?p=216246"},"modified":"2023-07-18T19:56:24","modified_gmt":"2023-07-18T22:56:24","slug":"pjf-monta-esquema-de-transporte-para-encontro-mineiro-de-empresas-juniores","status":"publish","type":"post","link":"https:\/\/diarioregionaldigital.com.br\/?p=216246","title":{"rendered":"PJF monta esquema de transporte para Encontro Mineiro de Empresas Juniores"},"content":{"rendered":"<p>Segundo informa\u00e7\u00f5es do site da Prefeitura de Juiz de Fora (PJF), a\u00a0Secretaria de Mobilidade Urbana (SMU) da Prefeitura de Juiz de Fora (PJF) montou um esquema de transporte especial para o Encontro Mineiro de Empresas Juniores 2023, que acontece entre os dias 21, sexta-feira, e 23, domingo. Al\u00e9m dos hor\u00e1rios permanentes da linha 570 \u2013 Expominas, ser\u00e3o disponibilizados hor\u00e1rios extras ida e volta, para atender as demandas de p\u00fablico do evento.<\/p>\n<p>O valor da passagem \u00e9 de R$3,75 por trecho. Os hor\u00e1rios e itiner\u00e1rios ser\u00e3o os seguintes:<br \/>\n<strong>Sexta-feira, 21:<\/strong><\/p>\n<p>Sa\u00edda da UFJF (FAEFID): 15h30, 16h, 16h15, 17h<\/p>\n<p>Itiner\u00e1rio UFJF\/Expominas: Rua local UFJF (FAEFID) \u2013 ponto final, Av. Itamar Franco, Av. Paulo Japiassu Coelho, Av. Deusdedith Salgado, BR 040 (sentido Belo Horizonte), Expominas.<\/p>\n<p>Sa\u00edda do Expominas: 21h30, 02h40, 03h<\/p>\n<p>Itiner\u00e1rio Expominas\/UFJF (FAEFID): Expominas, BR 040 (sentido Belo Horizonte), retorno (sentido Rio de Janeiro), Av. Deusdedith Salgado, Av. Japiassu Coelho, Av. Itamar Franco, rua local UFJF (FAEFID) \u2013 ponto final.<br \/>\n<strong>S\u00e1bado, 22:<\/strong><\/p>\n<p>Sa\u00edda da UFJF (FAEFID): 09h, 09h15, 09h20, 22h30, 23h<\/p>\n<p>Itiner\u00e1rio UFJF\/Expominas: Rua local UFJF (FAEFID) \u2013 ponto final, Av. Itamar Franco, Av. Paulo Japiassu Coelho, Av. Deusdedith Salgado, BR 040 (sentido Belo Horizonte), Expominas.<\/p>\n<p>Sa\u00edda do Expominas: 21h, 02h40, 03h<\/p>\n<p>Itiner\u00e1rio Expominas\/UFJF (FAEFID): Expominas, BR 040 (sentido Belo Horizonte), retorno (sentido Rio de Janeiro), Av. Deusdedith Salgado, Av. Japiassu Coelho, Av. Itamar Franco, P\u00f3rtico Sul, Rua local UFJF (FAEFID) \u2013 ponto final.<br \/>\n<strong>Domingo, 23:<\/strong><\/p>\n<p>Sa\u00edda da UFJF (FAEFID): 09h, 09h15, 09h20<\/p>\n<p>Itiner\u00e1rio UFJF\/Expominas: Rua local UFJF (FAEFID) \u2013 ponto final, P\u00f3rtico Sul, Av. Itamar Franco, Av. Paulo Japiassu Coelho, Av. Deusdedith Salgado, BR 040 (sentido Belo Horizonte), Expominas.<\/p>\n<p>Sa\u00edda do Expominas: 19h20, 23h<\/p>\n<p>Itiner\u00e1rio Expominas\/UFJF (FAEFID): Expominas, BR 040 (sentido Belo Horizonte), retorno (sentido Rio de Janeiro), Av. Deusdedith Salgado, Av. Japiassu Coelho, Av. Itamar Franco, rua local UFJF (FAEFID) \u2013 ponto final.<\/p>\n","protected":false},"excerpt":{"rendered":"<p>Segundo informa\u00e7\u00f5es do site da Prefeitura de Juiz de Fora (PJF), a\u00a0Secretaria de Mobilidade Urbana (SMU) da Prefeitura de Juiz de Fora (PJF) montou um esquema de transporte especial para o Encontro Mineiro de Empresas Juniores 2023, que acontece entre os dias 21, sexta-feira, e 23, domingo. Al\u00e9m dos hor\u00e1rios permanentes da linha 570 \u2013 [&hellip;]<\/p>\n","protected":false},"author":246,"featured_media":216247,"comment_status":"closed","ping_status":"closed","sticky":false,"template":"","format":"standard","meta":{"footnotes":""},"categories":[253,436,439],"tags":[],"class_list":["post-216246","post","type-post","status-publish","format-standard","has-post-thumbnail","hentry","category-cidade","category-destaque-da-semana","category-ultima-hora"],"_links":{"self":[{"href":"https:\/\/diarioregionaldigital.com.br\/index.php?rest_route=\/wp\/v2\/posts\/216246","targetHints":{"allow":["GET"]}}],"collection":[{"href":"https:\/\/diarioregionaldigital.com.br\/index.php?rest_route=\/wp\/v2\/posts"}],"about":[{"href":"https:\/\/diarioregionaldigital.com.br\/index.php?rest_route=\/wp\/v2\/types\/post"}],"author":[{"embeddable":true,"href":"https:\/\/diarioregionaldigital.com.br\/index.php?rest_route=\/wp\/v2\/users\/246"}],"replies":[{"embeddable":true,"href":"https:\/\/diarioregionaldigital.com.br\/index.php?rest_route=%2Fwp%2Fv2%2Fcomments&post=216246"}],"version-history":[{"count":1,"href":"https:\/\/diarioregionaldigital.com.br\/index.php?rest_route=\/wp\/v2\/posts\/216246\/revisions"}],"predecessor-version":[{"id":216248,"href":"https:\/\/diarioregionaldigital.com.br\/index.php?rest_route=\/wp\/v2\/posts\/216246\/revisions\/216248"}],"wp:featuredmedia":[{"embeddable":true,"href":"https:\/\/diarioregionaldigital.com.br\/index.php?rest_route=\/wp\/v2\/media\/216247"}],"wp:attachment":[{"href":"https:\/\/diarioregionaldigital.com.br\/index.php?rest_route=%2Fwp%2Fv2%2Fmedia&parent=216246"}],"wp:term":[{"taxonomy":"category","embeddable":true,"href":"https:\/\/diarioregionaldigital.com.br\/index.php?rest_route=%2Fwp%2Fv2%2Fcategories&post=216246"},{"taxonomy":"post_tag","embeddable":true,"href":"https:\/\/diarioregionaldigital.com.br\/index.php?rest_route=%2Fwp%2Fv2%2Ftags&post=216246"}],"curies":[{"name":"wp","href":"https:\/\/api.w.org\/{rel}","templated":true}]}}