{"id":216243,"date":"2023-07-18T19:54:21","date_gmt":"2023-07-18T22:54:21","guid":{"rendered":"https:\/\/diarioregionaldigital.com.br\/?p=216243"},"modified":"2023-07-18T19:54:21","modified_gmt":"2023-07-18T22:54:21","slug":"ginasio-municipal-recebe-jogos-das-semifinais-do-campeonato-mineiro-do-interior-de-futsal-feminino","status":"publish","type":"post","link":"https:\/\/diarioregionaldigital.com.br\/?p=216243","title":{"rendered":"Gin\u00e1sio Municipal recebe jogos das semifinais do Campeonato Mineiro do Interior de Futsal Feminino"},"content":{"rendered":"<p>Segundo informa\u00e7\u00f5es do site da Prefeitura de Juiz de Fora (PJF), ap\u00f3s as <a href=\"https:\/\/www.pjf.mg.gov.br\/noticias\/view.php?modo=link2&amp;idnoticia2=80497\"><strong>p<\/strong><\/a><strong><a href=\"https:\/\/www.pjf.mg.gov.br\/noticias\/view.php?modo=link2&amp;idnoticia2=80497\">artidas amistosas de diversas modalidades de inaugura\u00e7\u00e3o do Gin\u00e1sio Municipal Jornalista Ant\u00f4nio Marcos<\/a><\/strong>, no \u00faltimo final de semana, o espa\u00e7o vai receber a primeira competi\u00e7\u00e3o oficial: o Campeonato Mineiro do Interior de Futsal Feminino. O representante de Juiz de Fora ser\u00e1 o Clube Bom Pastor, que ir\u00e1 enfrentar a Associa\u00e7\u00e3o Varginhense, Paulo Veloso e Desportivo Bocaiuva. A tabela completa dos jogos pode ser conferida abaixo.<\/p>\n<p>O Gin\u00e1sio Municipal teve sua estreia esportiva nos dias 15 e 16 de junho. Foram disputados 16 amistosos ao longo dos dois dias de programa\u00e7\u00e3o, incluindo as modalidades de Futsal, Voleibol, Basquete e Handebol. As exibi\u00e7\u00f5es foram nas categorias masculino, feminino e trans masculino, contando com atletas do sub-13, sub-16, sub-17, sub-18 e adulto.<\/p>\n<p><strong>Dia 21 (Sexta-feira)\u00a0<\/strong><br \/>\n19h &#8211; Desportivo Bocaiuva x Paulo Veloso<br \/>\n20h30 &#8211; Clube Bom Pastor x\u00a0 Associa\u00e7\u00e3o Varginhense<\/p>\n<p><strong>Dia 22 (S\u00e1bado)\u00a0<\/strong><br \/>\n16h &#8211; Associa\u00e7\u00e3o Varginhense x Desportivo Bocaiuva<br \/>\n17h30 &#8211; Clube Bom Pastor x\u00a0 Paulo Veloso<\/p>\n<p><strong>Dia 23 (Domingo)\u00a0<\/strong><br \/>\n9h &#8211; Paulo Veloso x Associa\u00e7\u00e3o Varginhense<br \/>\n10h30 &#8211; Clube Bom Pastor x Desportivo Bocaiuva<\/p>\n<p><strong>Gin\u00e1sio Municipal<\/strong><\/p>\n<div id=\"box_texto_noticia\">\n<div>O Gin\u00e1sio \u00e9 parte integrante do complexo Esportivo e de Lazer implantado na \u00e1rea externa do Est\u00e1dio Municipal Radialista M\u00e1rio Hel\u00eanio. O espa\u00e7o \u00e9 um importante aparelho esportivo para cidade, no qual v\u00e1rias atividades de esportes, lazer e de cultura poder\u00e3o ser realizadas.<\/div>\n<div>Localizado no bairro Aeroporto, ao lado do Est\u00e1dio Municipal, o complexo conta com quadra poliesportiva, apoiada por salas de uso m\u00faltiplo para cursos de forma\u00e7\u00e3o e aperfei\u00e7oamento, e vesti\u00e1rios com total acessibilidade.<\/div>\n<div>O aparelho esportivo, cujas obras foram iniciadas em 2005 e paralisadas por diversas vezes, foi projetado para contribuir na forma\u00e7\u00e3o de atletas e tamb\u00e9m para receber eventos esportivos profissionais. Para tanto, ele atende aos padr\u00f5es definidos por organismos internacionais, permitindo a realiza\u00e7\u00e3o de jogos oficiais de futsal, v\u00f4lei, basquete e handebol, tanto ol\u00edmpicos quanto para-ol\u00edmpicos.<\/div>\n<\/div>\n<p>&nbsp;<\/p>\n<div id=\"box_compartilhar\" align=\"right\"><\/div>\n","protected":false},"excerpt":{"rendered":"<p>Segundo informa\u00e7\u00f5es do site da Prefeitura de Juiz de Fora (PJF), ap\u00f3s as partidas amistosas de diversas modalidades de inaugura\u00e7\u00e3o do Gin\u00e1sio Municipal Jornalista Ant\u00f4nio Marcos, no \u00faltimo final de semana, o espa\u00e7o vai receber a primeira competi\u00e7\u00e3o oficial: o Campeonato Mineiro do Interior de Futsal Feminino. O representante de Juiz de Fora ser\u00e1 o [&hellip;]<\/p>\n","protected":false},"author":246,"featured_media":216244,"comment_status":"closed","ping_status":"closed","sticky":false,"template":"","format":"standard","meta":{"footnotes":""},"categories":[253,436,439],"tags":[],"class_list":["post-216243","post","type-post","status-publish","format-standard","has-post-thumbnail","hentry","category-cidade","category-destaque-da-semana","category-ultima-hora"],"_links":{"self":[{"href":"https:\/\/diarioregionaldigital.com.br\/index.php?rest_route=\/wp\/v2\/posts\/216243","targetHints":{"allow":["GET"]}}],"collection":[{"href":"https:\/\/diarioregionaldigital.com.br\/index.php?rest_route=\/wp\/v2\/posts"}],"about":[{"href":"https:\/\/diarioregionaldigital.com.br\/index.php?rest_route=\/wp\/v2\/types\/post"}],"author":[{"embeddable":true,"href":"https:\/\/diarioregionaldigital.com.br\/index.php?rest_route=\/wp\/v2\/users\/246"}],"replies":[{"embeddable":true,"href":"https:\/\/diarioregionaldigital.com.br\/index.php?rest_route=%2Fwp%2Fv2%2Fcomments&post=216243"}],"version-history":[{"count":1,"href":"https:\/\/diarioregionaldigital.com.br\/index.php?rest_route=\/wp\/v2\/posts\/216243\/revisions"}],"predecessor-version":[{"id":216245,"href":"https:\/\/diarioregionaldigital.com.br\/index.php?rest_route=\/wp\/v2\/posts\/216243\/revisions\/216245"}],"wp:featuredmedia":[{"embeddable":true,"href":"https:\/\/diarioregionaldigital.com.br\/index.php?rest_route=\/wp\/v2\/media\/216244"}],"wp:attachment":[{"href":"https:\/\/diarioregionaldigital.com.br\/index.php?rest_route=%2Fwp%2Fv2%2Fmedia&parent=216243"}],"wp:term":[{"taxonomy":"category","embeddable":true,"href":"https:\/\/diarioregionaldigital.com.br\/index.php?rest_route=%2Fwp%2Fv2%2Fcategories&post=216243"},{"taxonomy":"post_tag","embeddable":true,"href":"https:\/\/diarioregionaldigital.com.br\/index.php?rest_route=%2Fwp%2Fv2%2Ftags&post=216243"}],"curies":[{"name":"wp","href":"https:\/\/api.w.org\/{rel}","templated":true}]}}