{"id":216240,"date":"2023-07-18T19:52:26","date_gmt":"2023-07-18T22:52:26","guid":{"rendered":"https:\/\/diarioregionaldigital.com.br\/?p=216240"},"modified":"2023-07-18T19:52:26","modified_gmt":"2023-07-18T22:52:26","slug":"pjf-libera-passagem-de-veiculos-pela-nova-ponte-da-estrada-da-lagoa-e-chega-a-12-novas-estruturas-do-tipo-na-zona-rural","status":"publish","type":"post","link":"https:\/\/diarioregionaldigital.com.br\/?p=216240","title":{"rendered":"PJF libera passagem de ve\u00edculos pela nova ponte da Estrada da Lagoa e chega a 12 novas estruturas do tipo na Zona Rural"},"content":{"rendered":"<p>Segundo informa\u00e7\u00f5es do site da Prefeitura de Juiz de Fora (PJF), a PJF liberou nesta ter\u00e7a-feira, 18, a passagem de ve\u00edculos pela nova ponte na Estrada da Lagoa, na regi\u00e3o do Distrito de Torre\u00f5es. Com a entrega de mais essa ponte, s\u00e3o 12 novas estruturas entregues pela atual administra\u00e7\u00e3o em diferentes distritos da Zona Rural do munic\u00edpio.<\/p>\n<p>A constru\u00e7\u00e3o da ponte na Estrada da Lagoa foi realizada pela Secretaria de Obras (SO), com os trabalhos sendo coordenados pela Coordenadoria Rural, que faz parte da Secretaria de Governo (SG) e atua como um canal direto entre a popula\u00e7\u00e3o rural e o poder p\u00fablico.\u00a0 A nova passagem vai servir para melhorar o acesso \u00e0 regi\u00e3o pela estrada, que liga a BR-040 ao distrito de Torre\u00f5es, al\u00e9m de tamb\u00e9m ser essencial para a liga\u00e7\u00e3o entre a Estrada da Invernada e o Granjeamento de Humait\u00e1.<\/p>\n<p>A estrutura, que anteriormente era de madeira, foi reconstru\u00edda e agora \u00e9 inteiramente de concreto, trazendo mais seguran\u00e7a e conforto para a popula\u00e7\u00e3o que transita pelo local. A Estrada da Lagoa tamb\u00e9m recebeu outras interven\u00e7\u00f5es e melhorias, como patrolamento da via e novas estradas de acesso \u00e0 via principal, como a Estrada do Para\u00edso, que liga a MG-353 ao distrito de Humait\u00e1.<\/p>\n<p>Al\u00e9m da nova ponte da Estrada da Lagoa, a Prefeitura de Juiz de Fora j\u00e1 inaugurou outras 11 novas estruturas semelhantes a essa, na Estrada Principal de Pires, na Estrada que liga Monte Verde ao Baixad\u00e3o, na Estrada da Boa Vista, na Estrada Principal de Humait\u00e1, Estrada da Luzia, no Distrito de Valadares, na Estrada que liga Sarandira a Pequeri e em Ros\u00e1rio de Minas nas Estradas de acesso a Buiei\u00e9 e Penido.<\/p>\n<p>O coordenador de A\u00e7\u00f5es e Di\u00e1logo da Zona Rural, Isalino Clemente, explica o porqu\u00ea da realiza\u00e7\u00e3o das melhorias na ponte.\u00a0\u201cA constru\u00e7\u00e3o desta ponte, assim como de outras, \u00e9 importante para que n\u00f3s possamos escoar as produ\u00e7\u00f5es do meio rural. Se n\u00e3o dermos condi\u00e7\u00f5es e os meios necess\u00e1rios para que eles permane\u00e7am no campo fica dif\u00edcil. E uma obra como essa duradoura, \u00e9 importante porque n\u00e3o precisamos ficar trocando as madeiras todo ano\u201d, conta.<\/p>\n<p>Para solicitar servi\u00e7os na zona rural, entre em contato com a Coordenadoria Rural, atrav\u00e9s do telefone\u00a0<strong>(32)\u00a0<\/strong><strong>3690- 8138.<\/strong><\/p>\n","protected":false},"excerpt":{"rendered":"<p>Segundo informa\u00e7\u00f5es do site da Prefeitura de Juiz de Fora (PJF), a PJF liberou nesta ter\u00e7a-feira, 18, a passagem de ve\u00edculos pela nova ponte na Estrada da Lagoa, na regi\u00e3o do Distrito de Torre\u00f5es. Com a entrega de mais essa ponte, s\u00e3o 12 novas estruturas entregues pela atual administra\u00e7\u00e3o em diferentes distritos da Zona Rural [&hellip;]<\/p>\n","protected":false},"author":246,"featured_media":216241,"comment_status":"closed","ping_status":"closed","sticky":false,"template":"","format":"standard","meta":{"footnotes":""},"categories":[253,436,439],"tags":[],"class_list":["post-216240","post","type-post","status-publish","format-standard","has-post-thumbnail","hentry","category-cidade","category-destaque-da-semana","category-ultima-hora"],"_links":{"self":[{"href":"https:\/\/diarioregionaldigital.com.br\/index.php?rest_route=\/wp\/v2\/posts\/216240","targetHints":{"allow":["GET"]}}],"collection":[{"href":"https:\/\/diarioregionaldigital.com.br\/index.php?rest_route=\/wp\/v2\/posts"}],"about":[{"href":"https:\/\/diarioregionaldigital.com.br\/index.php?rest_route=\/wp\/v2\/types\/post"}],"author":[{"embeddable":true,"href":"https:\/\/diarioregionaldigital.com.br\/index.php?rest_route=\/wp\/v2\/users\/246"}],"replies":[{"embeddable":true,"href":"https:\/\/diarioregionaldigital.com.br\/index.php?rest_route=%2Fwp%2Fv2%2Fcomments&post=216240"}],"version-history":[{"count":1,"href":"https:\/\/diarioregionaldigital.com.br\/index.php?rest_route=\/wp\/v2\/posts\/216240\/revisions"}],"predecessor-version":[{"id":216242,"href":"https:\/\/diarioregionaldigital.com.br\/index.php?rest_route=\/wp\/v2\/posts\/216240\/revisions\/216242"}],"wp:featuredmedia":[{"embeddable":true,"href":"https:\/\/diarioregionaldigital.com.br\/index.php?rest_route=\/wp\/v2\/media\/216241"}],"wp:attachment":[{"href":"https:\/\/diarioregionaldigital.com.br\/index.php?rest_route=%2Fwp%2Fv2%2Fmedia&parent=216240"}],"wp:term":[{"taxonomy":"category","embeddable":true,"href":"https:\/\/diarioregionaldigital.com.br\/index.php?rest_route=%2Fwp%2Fv2%2Fcategories&post=216240"},{"taxonomy":"post_tag","embeddable":true,"href":"https:\/\/diarioregionaldigital.com.br\/index.php?rest_route=%2Fwp%2Fv2%2Ftags&post=216240"}],"curies":[{"name":"wp","href":"https:\/\/api.w.org\/{rel}","templated":true}]}}