{"id":216237,"date":"2023-07-18T19:50:43","date_gmt":"2023-07-18T22:50:43","guid":{"rendered":"https:\/\/diarioregionaldigital.com.br\/?p=216237"},"modified":"2023-07-18T19:50:43","modified_gmt":"2023-07-18T22:50:43","slug":"juiz-de-fora-ganha-memorial-para-resgate-historico-do-defensor-dos-direitos-humanos-gabriel-pimenta","status":"publish","type":"post","link":"https:\/\/diarioregionaldigital.com.br\/?p=216237","title":{"rendered":"Juiz de Fora ganha memorial para resgate hist\u00f3rico do defensor dos Direitos Humanos Gabriel Pimenta"},"content":{"rendered":"<p>Segundo informa\u00e7\u00f5es do site da Prefeitura de Juiz de Fora (PJF), nesta ter\u00e7a-feira, 18 de julho, completam-se 41 anos do assassinato do juiz-forano, advogado e defensor dos direitos humanos, Gabriel Sales Pimenta. Para marcar a data, o assessor especial de Defesa da Democracia, Mem\u00f3ria e Verdade do Minist\u00e9rio dos Direitos Humanos e da Cidadania (MDCH), Nilm\u00e1rio Miranda, concedeu coletiva de imprensa na C\u00e2mara Municipal, acompanhado do Secret\u00e1rio Municipal de Direitos Humanos, Biel Rocha, do familiar da v\u00edtima da ditadura, Rafael Pimenta, e da vereadora Cida Oliveira.<\/p>\n<p>O objetivo do encontro \u00e9 explicitar o cumprimento da senten\u00e7a emitida pela Corte Interamericana de Direitos Humanos, que condenou o Estado brasileiro por impunidade diante do caso Sales Pimenta. Nilm\u00e1rio enfatizou que \u201cuma das senten\u00e7as da Corte \u00e9 o pedido p\u00fablico de desculpas contra este crime contra a humanidade\u201d. O assessor do MDCH anunciou a constru\u00e7\u00e3o de um memorial na Universidade Federal de Juiz de Fora (UFJF) como forma de reafirmar a democracia e resgatar a mem\u00f3ria para que a hist\u00f3ria n\u00e3o se repita. Um grupo de trabalho com familiares de Gabriel Pimenta e representantes da UFJF e da Prefeitura de Juiz de Fora ser\u00e1 formado para tra\u00e7ar as estrat\u00e9gias para o lan\u00e7amento do memorial em homenagem a Pimenta.<\/p>\n<p>Nilm\u00e1rio Miranda tamb\u00e9m se encontrou com o reitor da UFJF, Marcus David, e com a prefeita de Juiz de Fora, Margarida Salom\u00e3o. Ele destacou sobre o compromisso da atual gest\u00e3o federal em reiterar o compromisso com a mem\u00f3ria, a verdade e a repara\u00e7\u00e3o hist\u00f3rica com a reconstru\u00e7\u00e3o de valores democr\u00e1ticos.<\/p>\n<p><strong>Sobre Gabriel Pimenta<\/strong><\/p>\n<p>Nascido em Juiz de Fora, Gabriel Sales Pimenta foi um advogado e defensor dos direitos humanos. Aos 27 anos foi assassinado com tr\u00eas tiros em Marab\u00e1 (PA), atuando na defesa de trabalhadores rurais da regi\u00e3o, motivo pelo qual foi amea\u00e7ado de morte em mais de uma ocasi\u00e3o. Ap\u00f3s o crime, o processo penal passou por diversas etapas, sem que fosse feita justi\u00e7a ao caso. Segundo a senten\u00e7a da Corte IDH, o processo sofreu uma s\u00e9rie de omiss\u00f5es.<\/p>\n<p>De acordo com a senten\u00e7a, o Estado brasileiro \u00e9 respons\u00e1vel pela impunidade do caso. Em atua\u00e7\u00e3o transversal, o MDCH est\u00e1 empenhado no cumprimento da senten\u00e7a, a fim de prestar contas e articular iniciativas para o reparo hist\u00f3rico, como a cria\u00e7\u00e3o do memorial que deve ser valorizado, protegido e resguardado o ativismo das pessoas defensoras de direitos humanos no Brasil.<\/p>\n<p>Em mar\u00e7o de 2023, a Prefeitura de Juiz de Fora homenageou Gabriel Pimenta, com uma placa e um grafite em um dos pilares do p\u00e1tio do pr\u00e9dio do Executivo. A a\u00e7\u00e3o deu in\u00edcio ao projeto da Secretaria Especial de Direitos Humanos (SEDH), \u201cPilares da Democracia\u201d. Ao longo da gest\u00e3o, a iniciativa ir\u00e1 celebrar dez nomes da cidade que se destacaram por sua luta pela justi\u00e7a e pelos Direitos Humanos.<\/p>\n","protected":false},"excerpt":{"rendered":"<p>Segundo informa\u00e7\u00f5es do site da Prefeitura de Juiz de Fora (PJF), nesta ter\u00e7a-feira, 18 de julho, completam-se 41 anos do assassinato do juiz-forano, advogado e defensor dos direitos humanos, Gabriel Sales Pimenta. Para marcar a data, o assessor especial de Defesa da Democracia, Mem\u00f3ria e Verdade do Minist\u00e9rio dos Direitos Humanos e da Cidadania (MDCH), [&hellip;]<\/p>\n","protected":false},"author":246,"featured_media":216238,"comment_status":"closed","ping_status":"closed","sticky":false,"template":"","format":"standard","meta":{"footnotes":""},"categories":[253,436,440,439],"tags":[],"class_list":["post-216237","post","type-post","status-publish","format-standard","has-post-thumbnail","hentry","category-cidade","category-destaque-da-semana","category-destaques-do-dia","category-ultima-hora"],"_links":{"self":[{"href":"https:\/\/diarioregionaldigital.com.br\/index.php?rest_route=\/wp\/v2\/posts\/216237","targetHints":{"allow":["GET"]}}],"collection":[{"href":"https:\/\/diarioregionaldigital.com.br\/index.php?rest_route=\/wp\/v2\/posts"}],"about":[{"href":"https:\/\/diarioregionaldigital.com.br\/index.php?rest_route=\/wp\/v2\/types\/post"}],"author":[{"embeddable":true,"href":"https:\/\/diarioregionaldigital.com.br\/index.php?rest_route=\/wp\/v2\/users\/246"}],"replies":[{"embeddable":true,"href":"https:\/\/diarioregionaldigital.com.br\/index.php?rest_route=%2Fwp%2Fv2%2Fcomments&post=216237"}],"version-history":[{"count":1,"href":"https:\/\/diarioregionaldigital.com.br\/index.php?rest_route=\/wp\/v2\/posts\/216237\/revisions"}],"predecessor-version":[{"id":216239,"href":"https:\/\/diarioregionaldigital.com.br\/index.php?rest_route=\/wp\/v2\/posts\/216237\/revisions\/216239"}],"wp:featuredmedia":[{"embeddable":true,"href":"https:\/\/diarioregionaldigital.com.br\/index.php?rest_route=\/wp\/v2\/media\/216238"}],"wp:attachment":[{"href":"https:\/\/diarioregionaldigital.com.br\/index.php?rest_route=%2Fwp%2Fv2%2Fmedia&parent=216237"}],"wp:term":[{"taxonomy":"category","embeddable":true,"href":"https:\/\/diarioregionaldigital.com.br\/index.php?rest_route=%2Fwp%2Fv2%2Fcategories&post=216237"},{"taxonomy":"post_tag","embeddable":true,"href":"https:\/\/diarioregionaldigital.com.br\/index.php?rest_route=%2Fwp%2Fv2%2Ftags&post=216237"}],"curies":[{"name":"wp","href":"https:\/\/api.w.org\/{rel}","templated":true}]}}