{"id":216234,"date":"2023-07-18T19:47:21","date_gmt":"2023-07-18T22:47:21","guid":{"rendered":"https:\/\/diarioregionaldigital.com.br\/?p=216234"},"modified":"2023-07-18T19:47:21","modified_gmt":"2023-07-18T22:47:21","slug":"integrantes-do-programa-militar-paralimpico-sobem-15-vezes-ao-podio-na-copa-brasil-de-tiro-esportivo","status":"publish","type":"post","link":"https:\/\/diarioregionaldigital.com.br\/?p=216234","title":{"rendered":"Integrantes do Programa Militar Paral\u00edmpico sobem 15 vezes ao p\u00f3dio na Copa Brasil de tiro esportivo"},"content":{"rendered":"<div>A<u><strong><a href=\"https:\/\/www.cpb.org.br\/noticia\/detalhe\/5389\/convocados-para-mundial-de-lima-encerram-copa-brasil-de-tiro-esportivo-com-16-medalhas-conquistadas\" target=\"_blank\" rel=\"noopener\">\u00a0Copa Brasil de tiro esportivo\u00a0<\/a><\/strong><\/u>foi realizada no \u00faltimo final de semana, s\u00e1bado, 15, e domingo, 16, no Rio de Janeiro, com 51 atletas de 11 estados do pa\u00eds. Dentre os participantes, 19 pertencem ao Programa Militar Paral\u00edmpico (PMP) do Comit\u00ea Paral\u00edmpico Brasileiro (CPB), que tem como principais objetivos apresentar o esporte como uma ferramenta de qualidade de vida e detectar poss\u00edveis talentos.<\/p>\n<p>Os representantes do PMP conquistaram 15\u00a0das 39 medalhas em disputa na Copa Brasil (tr\u00eas ouros, seis\u00a0pratas e seis bronzes), com destaque para o atirador paranaense S\u00e9rgio Vida, que subiu ao p\u00f3dio nas tr\u00eas provas em que competiu\u00a0na capital fluminense (veja a lista completa abaixo) e ser\u00e1 um dos brasileiros no\u00a0<u><strong><a href=\"https:\/\/www.cpb.org.br\/noticia\/detalhe\/5380\/cpb-divulga-convocacao-para-mundial-de-tiro-esportivo-de-lima-2023\" target=\"_blank\" rel=\"noopener\">Mundial de tiro esportivo em Lima<\/a><\/strong><\/u>, Peru, que acontecer\u00e1 entre os dias 19 e 29 de setembro.<\/p>\n<p>Para Luis Fernando Cavalli, assistente do Departamento de Desenvolvimento Esportivo do CPB e respons\u00e1vel pelo PMP, o resultado atingido na Copa do Brasil mostra que o programa tem alcan\u00e7ado as suas metas. &#8220;Temos notado um crescimento expressivo no n\u00famero de atiradores inscritos nas competi\u00e7\u00f5es organizadas pelo CPB, a partir do PMP. Com isso, aumentam as chances de encontrarmos mais talentos na modalidade. S\u00f3 na Copa Brasil, 37,2% dos competidores eram integrantes do Programa&#8221;, analisou.<\/p>\n<p>Antes do torneio, seis atletas do PMP participaram da Cl\u00ednica de Acesso ao Alto Rendimento em Tiro Esportivo (CAARTE), no\u00a0Centro de Capacita\u00e7\u00e3o F\u00edsica do Ex\u00e9rcito &#8211; CCFEx, tamb\u00e9m no Rio de Janeiro. Esses atiradores conquistaram seis medalhas na Copa Brasil: um ouro, tr\u00eas pratas e dois bronzes.<\/p>\n<p>A Cl\u00ednica foi realizada pelo CPB, por meio do PMP, em parceria com o Ex\u00e9rcito Brasileiro, entre os dias 10 e 16 de julho. Al\u00e9m dos treinamentos di\u00e1rios, a a\u00e7\u00e3o contou com palestras ministradas por atletas de alto rendimento da modalidade, como Alexandre Galgani, \u00fanico brasileiro nos Jogos Paral\u00edmpicos de T\u00f3quio 2020,\u00a0<u><strong><a href=\"https:\/\/www.cpb.org.br\/noticia\/detalhe\/5387\/alexandre-galgani-bate-recorde-nacional-na-copa-brasil-de-tiro-esportivo-a-66-dias-do-mundial-de-lima\" target=\"_blank\" rel=\"noopener\">dono de tr\u00eas t\u00edtulos na Copa Brasil<\/a><\/strong><\/u>\u00a0e tamb\u00e9m convocado para o Mundial de Lima.<\/p>\n<p><strong>Confira as medalhas conquistadas pelos atletas do PMP na Copa Brasil:<\/strong><br \/>\n<strong>S\u00e9rgio Vida\u00a0<\/strong><br \/>\nP4 Pistola Livre Misto SH1 &#8211; OURO<br \/>\nP1 Pistola de Ar Masculino SH1 &#8211; PRATA<br \/>\nP3 Pistola Sport Misto SH1 &#8211; BRONZE<\/p>\n<p><strong>Ricardo Costa\u00a0<\/strong><br \/>\nP1 Pistola de Ar Masculino SH1- OURO<\/p>\n<p><strong>Luiz Azevedo<\/strong><br \/>\nR6 Carabina .22 \u2013 50m \u2013 Posi\u00e7\u00e3o Deitado Misto SH1 -PRATA<br \/>\nR3 Carabina de Ar \u2013 Posi\u00e7\u00e3o Deitado Misto SH1 &#8211; BRONZE<strong><\/p>\n<p>Fernanda Costa<\/strong><br \/>\nR2 Carabina de Ar \u2013 Posi\u00e7\u00e3o em p\u00e9 Feminino SH1 -BRONZE<strong><\/p>\n<p>Benedito Silva<\/strong><br \/>\nR1 Carabina de Ar \u2013 Posi\u00e7\u00e3o em p\u00e9 Masculino SH1 &#8211; PRATA<br \/>\nR7 Carabina .22 \u2013 3&#215;40 \u2013 50m Masculino SH1 &#8211; BRONZE<strong><\/p>\n<p>Maycon Teixeira (tamb\u00e9m participou da Cl\u00ednica)<br \/>\n<\/strong>P1 Pistola de Ar Masculino SH1 &#8211; BRONZE<br \/>\n<strong><br \/>\nEmerson Pereira\u00a0(tamb\u00e9m participou da Cl\u00ednica)<\/strong><br \/>\nR9 Carabina .22 \u2013 50m \u2013 Posi\u00e7\u00e3o Deitado Misto SH2 &#8211; PRATA<br \/>\nR4 Carabina de Ar \u2013 Posi\u00e7\u00e3o em p\u00e9 Misto SH2 &#8211; BRONZE<br \/>\n<strong><br \/>\nLuci Lima\u00a0(tamb\u00e9m participou da Cl\u00ednica)<br \/>\n<\/strong>R2 Carabina de Ar \u2013 Posi\u00e7\u00e3o em p\u00e9 Feminino SH1 &#8211; OURO<br \/>\n<strong><br \/>\nEliana Lima\u00a0(tamb\u00e9m participou da Cl\u00ednica)<\/strong><br \/>\nR2 Carabina de Ar \u2013 Posi\u00e7\u00e3o em p\u00e9 Feminino SH1 &#8211; PRATA<strong><\/p>\n<p>Ailton Silva\u00a0(tamb\u00e9m participou da Cl\u00ednica)<\/strong><br \/>\nP3 Pistola Sport Misto SH1 &#8211; PRATA<\/div>\n<div><strong>Patroc\u00ednio<\/strong><br \/>\nO tiro esportivo \u00e9 uma modalidade patrocinada pelas Loterias Caixa<\/p>\n<p><strong>Assessoria de Comunica\u00e7\u00e3o do Comit\u00ea Paral\u00edmpico Brasileiro (imp@cpb.org.br)<\/strong><\/p>\n<p><span style=\"font-weight: 400;\">Fonte: CPB<\/span><\/div>\n","protected":false},"excerpt":{"rendered":"<p>A\u00a0Copa Brasil de tiro esportivo\u00a0foi realizada no \u00faltimo final de semana, s\u00e1bado, 15, e domingo, 16, no Rio de Janeiro, com 51 atletas de 11 estados do pa\u00eds. Dentre os participantes, 19 pertencem ao Programa Militar Paral\u00edmpico (PMP) do Comit\u00ea Paral\u00edmpico Brasileiro (CPB), que tem como principais objetivos apresentar o esporte como uma ferramenta de [&hellip;]<\/p>\n","protected":false},"author":246,"featured_media":216235,"comment_status":"closed","ping_status":"closed","sticky":false,"template":"","format":"standard","meta":{"footnotes":""},"categories":[436,257,439],"tags":[],"class_list":["post-216234","post","type-post","status-publish","format-standard","has-post-thumbnail","hentry","category-destaque-da-semana","category-esporte","category-ultima-hora"],"_links":{"self":[{"href":"https:\/\/diarioregionaldigital.com.br\/index.php?rest_route=\/wp\/v2\/posts\/216234","targetHints":{"allow":["GET"]}}],"collection":[{"href":"https:\/\/diarioregionaldigital.com.br\/index.php?rest_route=\/wp\/v2\/posts"}],"about":[{"href":"https:\/\/diarioregionaldigital.com.br\/index.php?rest_route=\/wp\/v2\/types\/post"}],"author":[{"embeddable":true,"href":"https:\/\/diarioregionaldigital.com.br\/index.php?rest_route=\/wp\/v2\/users\/246"}],"replies":[{"embeddable":true,"href":"https:\/\/diarioregionaldigital.com.br\/index.php?rest_route=%2Fwp%2Fv2%2Fcomments&post=216234"}],"version-history":[{"count":1,"href":"https:\/\/diarioregionaldigital.com.br\/index.php?rest_route=\/wp\/v2\/posts\/216234\/revisions"}],"predecessor-version":[{"id":216236,"href":"https:\/\/diarioregionaldigital.com.br\/index.php?rest_route=\/wp\/v2\/posts\/216234\/revisions\/216236"}],"wp:featuredmedia":[{"embeddable":true,"href":"https:\/\/diarioregionaldigital.com.br\/index.php?rest_route=\/wp\/v2\/media\/216235"}],"wp:attachment":[{"href":"https:\/\/diarioregionaldigital.com.br\/index.php?rest_route=%2Fwp%2Fv2%2Fmedia&parent=216234"}],"wp:term":[{"taxonomy":"category","embeddable":true,"href":"https:\/\/diarioregionaldigital.com.br\/index.php?rest_route=%2Fwp%2Fv2%2Fcategories&post=216234"},{"taxonomy":"post_tag","embeddable":true,"href":"https:\/\/diarioregionaldigital.com.br\/index.php?rest_route=%2Fwp%2Fv2%2Ftags&post=216234"}],"curies":[{"name":"wp","href":"https:\/\/api.w.org\/{rel}","templated":true}]}}