{"id":216228,"date":"2023-07-18T19:44:05","date_gmt":"2023-07-18T22:44:05","guid":{"rendered":"https:\/\/diarioregionaldigital.com.br\/?p=216228"},"modified":"2023-07-18T19:44:05","modified_gmt":"2023-07-18T22:44:05","slug":"saltos-ornamentais-ingrid-oliveira-fatura-vaga-para-o-brasil-em-paris","status":"publish","type":"post","link":"https:\/\/diarioregionaldigital.com.br\/?p=216228","title":{"rendered":"Saltos ornamentais: Ingrid Oliveira fatura vaga para o Brasil em Paris"},"content":{"rendered":"<p>A brasileira Ingrid Oliveira assegurou a primeira vaga ol\u00edmpica do Brasil nos saltos ornamentais nos Jogos de Paris 2024, na madrugada desta ter\u00e7a-feira (18), ao se classificar \u00e0 final da\u00a0 plataforma de 10 metros no Mundial de Esportes Aqu\u00e1ticos, em Fukuoka (Jap\u00e3o). \u00a0Na semifinal feminina, a carioca de 27 anos avan\u00e7ou na oitava posi\u00e7\u00e3o, com 313.90 pontos \u2013 apenas 12 das 18 saltadoras desta etapa se classificaram.<img decoding=\"async\" src=\"https:\/\/agenciabrasil.ebc.com.br\/ebc.png?id=1544331&amp;o=node\" \/><img decoding=\"async\" src=\"https:\/\/agenciabrasil.ebc.com.br\/ebc.gif?id=1544331&amp;o=node\" \/><\/p>\n<blockquote><p>\u201cEstou muito feliz, ser\u00e1 mais uma edi\u00e7\u00e3o de Jogos Ol\u00edmpicos para o Brasil torcer por mim. A prova estava bem disputada, bem dif\u00edcil. Sabia que n\u00e3o seria f\u00e1cil conquistar essa vaga, mas deu tudo certo. Agora \u00e9 seguir concentrada porque j\u00e1 tem final nesta quarta. \u00c9 dar o melhor na prova e contar com a torcida de todos\u201d, comemorou Ingrid, que j\u00e1 disputou a Ol\u00edmpiada Rio 2016 e a de T\u00f3quio 2020.<\/p><\/blockquote>\n<p>Ingrid vai lutar por medalha \u00e0s 6h (hor\u00e1rio de Bras\u00edlia) desta quarta-feira (19). \u00a0A classifica\u00e7\u00e3o ol\u00edmpica no Mundial de Fukuoka n\u00e3o \u00e9 nominal, pertence ao pa\u00eds. Somente em 2024 ser\u00e1 definida a equipe que ir\u00e1 aos Jogos.<\/p>\n<p>A delega\u00e7\u00e3o brasileira em Fukuoka conta ainda com Isaac Souza, Rafael Foga\u00e7a e Paty Valente. O Mundial distribui tr\u00eas vagas em cada uma das provas sincronizadas. A competi\u00e7\u00e3o \u00e9 a primeira de tr\u00eas janelas de classifica\u00e7\u00e3o para os Jogos de Paris 2024. Depois, em outubro, haver\u00e1 os Jogos Pan-Americanos de Santiago (Chile) &#8211; que garantem vagas aos campe\u00f5es das disputas individuais (trampolim 3m e plataforma 10m, no masculino e no feminino) \u2013 e em 2024 o Mundial de Doha (Catar), que distribuir\u00e1 quatro vagas (provas sincronizadas).<\/p>\n<h2>Programa\u00e7\u00e3o<\/h2>\n<p><strong><em>18 de julho<\/em><\/strong><br \/>\n<em>21h00 \u2013 Trampolim 3m masculino (eliminat\u00f3rias) \u2013\u00a0Rafael Foga\u00e7a e Rafael Max<\/em><\/p>\n<p><strong><em>19 de julho<\/em><\/strong><br \/>\n<em>3h30 \u2013 Trampolim 3m masculino (semifinais)<\/em><br \/>\n<em>6h00 \u2013 Plataforma 10m feminina (final)<\/em><br \/>\n<em>21h00 \u2013 Trampolim 3m feminino (eliminat\u00f3rias) \u2013\u00a0Anna L\u00facia dos Santos e Luana Lira<\/em><\/p>\n<p><strong><em>20 de julho<\/em><\/strong><br \/>\n<em>2h30 \u2013 Trampolim 3m feminino (semifinais)<\/em><br \/>\n<em>6h00 \u2013 Trampolim 3m masculino (final)<\/em><br \/>\n<em>21h00 \u2013 Plataforma 10m masculino (eliminat\u00f3rias) \u2013\u00a0Diogo Silva e Isaac Souza<\/em><\/p>\n<p><strong><em>21 de julho<\/em><\/strong><br \/>\n<em>3h30 \u2013 Plataforma 10m masculino (semifinais)<\/em><br \/>\n<em>6h00 \u2013 Trampolim 3m feminino (final)<\/em><\/p>\n<p><strong><em>22 de julho<\/em><\/strong><br \/>\n<em>3h30 \u2013 Trampolim 3m sincronizado misto (final) \u2013\u00a0Anna L\u00facia dos Santos e Rafael Max<\/em><br \/>\n<em>6h30 \u2013 Plataforma 10m masculino (final)<\/p>\n<p><span style=\"font-weight: 400;\">Fonte: Ag\u00eancia Brasil <\/span><br \/>\n<\/em><\/p>\n","protected":false},"excerpt":{"rendered":"<p>A brasileira Ingrid Oliveira assegurou a primeira vaga ol\u00edmpica do Brasil nos saltos ornamentais nos Jogos de Paris 2024, na madrugada desta ter\u00e7a-feira (18), ao se classificar \u00e0 final da\u00a0 plataforma de 10 metros no Mundial de Esportes Aqu\u00e1ticos, em Fukuoka (Jap\u00e3o). \u00a0Na semifinal feminina, a carioca de 27 anos avan\u00e7ou na oitava posi\u00e7\u00e3o, com [&hellip;]<\/p>\n","protected":false},"author":246,"featured_media":216229,"comment_status":"closed","ping_status":"closed","sticky":false,"template":"","format":"standard","meta":{"footnotes":""},"categories":[436,257,439],"tags":[],"class_list":["post-216228","post","type-post","status-publish","format-standard","has-post-thumbnail","hentry","category-destaque-da-semana","category-esporte","category-ultima-hora"],"_links":{"self":[{"href":"https:\/\/diarioregionaldigital.com.br\/index.php?rest_route=\/wp\/v2\/posts\/216228","targetHints":{"allow":["GET"]}}],"collection":[{"href":"https:\/\/diarioregionaldigital.com.br\/index.php?rest_route=\/wp\/v2\/posts"}],"about":[{"href":"https:\/\/diarioregionaldigital.com.br\/index.php?rest_route=\/wp\/v2\/types\/post"}],"author":[{"embeddable":true,"href":"https:\/\/diarioregionaldigital.com.br\/index.php?rest_route=\/wp\/v2\/users\/246"}],"replies":[{"embeddable":true,"href":"https:\/\/diarioregionaldigital.com.br\/index.php?rest_route=%2Fwp%2Fv2%2Fcomments&post=216228"}],"version-history":[{"count":1,"href":"https:\/\/diarioregionaldigital.com.br\/index.php?rest_route=\/wp\/v2\/posts\/216228\/revisions"}],"predecessor-version":[{"id":216230,"href":"https:\/\/diarioregionaldigital.com.br\/index.php?rest_route=\/wp\/v2\/posts\/216228\/revisions\/216230"}],"wp:featuredmedia":[{"embeddable":true,"href":"https:\/\/diarioregionaldigital.com.br\/index.php?rest_route=\/wp\/v2\/media\/216229"}],"wp:attachment":[{"href":"https:\/\/diarioregionaldigital.com.br\/index.php?rest_route=%2Fwp%2Fv2%2Fmedia&parent=216228"}],"wp:term":[{"taxonomy":"category","embeddable":true,"href":"https:\/\/diarioregionaldigital.com.br\/index.php?rest_route=%2Fwp%2Fv2%2Fcategories&post=216228"},{"taxonomy":"post_tag","embeddable":true,"href":"https:\/\/diarioregionaldigital.com.br\/index.php?rest_route=%2Fwp%2Fv2%2Ftags&post=216228"}],"curies":[{"name":"wp","href":"https:\/\/api.w.org\/{rel}","templated":true}]}}