{"id":216225,"date":"2023-07-18T19:41:55","date_gmt":"2023-07-18T22:41:55","guid":{"rendered":"https:\/\/diarioregionaldigital.com.br\/?p=216225"},"modified":"2023-07-18T19:41:55","modified_gmt":"2023-07-18T22:41:55","slug":"selecao-chega-a-brisbane-cidade-sede-na-1a-fase-da-copa-feminina","status":"publish","type":"post","link":"https:\/\/diarioregionaldigital.com.br\/?p=216225","title":{"rendered":"Sele\u00e7\u00e3o chega \u00e0 Brisbane, cidade-sede na 1\u00aa fase da Copa Feminina"},"content":{"rendered":"<p>A sele\u00e7\u00e3o brasileira desembarcou nesta ter\u00e7a-feira = (18) em Brisbane, cidade australiana que ser\u00e1 a sede da equipe na primeira fase da Copa do Mundo de futebol feminino, que come\u00e7a na quinta-feira (20).\u00a0A escolha de Brisbane como sede coincide com o segundo jogo das brasileiras na fase de grupos, quando enfrentar\u00e3o as francesas no est\u00e1dio local. \u00a0<img decoding=\"async\" src=\"https:\/\/agenciabrasil.ebc.com.br\/ebc.png?id=1544404&amp;o=node\" \/><img decoding=\"async\" src=\"https:\/\/agenciabrasil.ebc.com.br\/ebc.gif?id=1544404&amp;o=node\" \/><\/p>\n<p>A abertura do Mundial ser\u00e1 \u00e0s 4h (hor\u00e1rio de Bras\u00edlia) de quinta (20), no est\u00e1dio Edem Park, em Aucklabd (Nova Zel\u00e2ndia). O Brasil far\u00e1 todos os jogos da fase de grupos na Austr\u00e1lia. A estreia ser\u00e1 contra o Panam\u00e1, pelo Grupo F, na pr\u00f3xima segunda-feira (24),\u00a0\u00e0s 8h (hor\u00e1rio de Bras\u00edlia), no est\u00e1dio Hindmarsh, em Adelaide, a quase 3 horas de v\u00f4o saindo de Brisbane.<\/p>\n<p>A torcida brasileira marcou presen\u00e7a hoje na chegada da delega\u00e7\u00e3o no Hotel North Lake, em Brisbane. \u00a0As jogadoras foram recebidas com entusiasmo e pararam para dar aut\u00f3grafos. A equipe comandada pela t\u00e9cnica Pia Sundhage far\u00e1 o primeiro treino \u00e0s 5h (hor\u00e1rio de Bras\u00edlia) desta quarta (19) \u00a0\u2013 \u00e0s 16h na Austr\u00e1lia.<\/p>\n<p>As demais partidas da sele\u00e7\u00e3o na primeira fase do Mundial\u00a0ser\u00e3o contra a Fran\u00e7a, no 29 de julho (s\u00e1bado), \u00e0s 7h, em Brisbane, e contra a Jamaica, em 2 de agosto (quarta-feira), em Melbourne.<\/p>\n<p>Os dois primeiros colocados do Grupo F avan\u00e7am \u00e0s oitavas de final, em que ter\u00e3o pela frente os dois classificados do Grupo H (Alemanha, Col\u00f4mbia, Coreia do Sul e Marrocos). O time de melhor campanha de uma chave encara o segundo colocado da outra.<\/p>\n<h2>Primeira baixa na sele\u00e7\u00e3o<\/h2>\n<p>A atacante Nycole Raysla foi desconvocada na madrugada desta ter\u00e7a (18), ap\u00f3s sofrer uma entorse no tornozelo esquerdo durante o treino em Golden Coast, antes da viagem para Brisbane. \u00a0O corte da atleta ocorreu por n\u00e3o haver tempo h\u00e1bil para sua recupera\u00e7\u00e3o. A meia Angelina, uma das suplentes que viajou para a Austr\u00e1lia junto com a sele\u00e7\u00e3o, foi escolhida por Pia Sundhage para a vaga da atacante. A jogadora, de 23 anos,\u00a0disputar\u00e1 seu primeiro Mundial na carreira.<\/p>\n<p><span style=\"font-weight: 400;\">Fonte: Ag\u00eancia Brasil <\/span><\/p>\n","protected":false},"excerpt":{"rendered":"<p>A sele\u00e7\u00e3o brasileira desembarcou nesta ter\u00e7a-feira = (18) em Brisbane, cidade australiana que ser\u00e1 a sede da equipe na primeira fase da Copa do Mundo de futebol feminino, que come\u00e7a na quinta-feira (20).\u00a0A escolha de Brisbane como sede coincide com o segundo jogo das brasileiras na fase de grupos, quando enfrentar\u00e3o as francesas no est\u00e1dio [&hellip;]<\/p>\n","protected":false},"author":246,"featured_media":216226,"comment_status":"closed","ping_status":"closed","sticky":false,"template":"","format":"standard","meta":{"footnotes":""},"categories":[436,440,257,439],"tags":[],"class_list":["post-216225","post","type-post","status-publish","format-standard","has-post-thumbnail","hentry","category-destaque-da-semana","category-destaques-do-dia","category-esporte","category-ultima-hora"],"_links":{"self":[{"href":"https:\/\/diarioregionaldigital.com.br\/index.php?rest_route=\/wp\/v2\/posts\/216225","targetHints":{"allow":["GET"]}}],"collection":[{"href":"https:\/\/diarioregionaldigital.com.br\/index.php?rest_route=\/wp\/v2\/posts"}],"about":[{"href":"https:\/\/diarioregionaldigital.com.br\/index.php?rest_route=\/wp\/v2\/types\/post"}],"author":[{"embeddable":true,"href":"https:\/\/diarioregionaldigital.com.br\/index.php?rest_route=\/wp\/v2\/users\/246"}],"replies":[{"embeddable":true,"href":"https:\/\/diarioregionaldigital.com.br\/index.php?rest_route=%2Fwp%2Fv2%2Fcomments&post=216225"}],"version-history":[{"count":1,"href":"https:\/\/diarioregionaldigital.com.br\/index.php?rest_route=\/wp\/v2\/posts\/216225\/revisions"}],"predecessor-version":[{"id":216227,"href":"https:\/\/diarioregionaldigital.com.br\/index.php?rest_route=\/wp\/v2\/posts\/216225\/revisions\/216227"}],"wp:featuredmedia":[{"embeddable":true,"href":"https:\/\/diarioregionaldigital.com.br\/index.php?rest_route=\/wp\/v2\/media\/216226"}],"wp:attachment":[{"href":"https:\/\/diarioregionaldigital.com.br\/index.php?rest_route=%2Fwp%2Fv2%2Fmedia&parent=216225"}],"wp:term":[{"taxonomy":"category","embeddable":true,"href":"https:\/\/diarioregionaldigital.com.br\/index.php?rest_route=%2Fwp%2Fv2%2Fcategories&post=216225"},{"taxonomy":"post_tag","embeddable":true,"href":"https:\/\/diarioregionaldigital.com.br\/index.php?rest_route=%2Fwp%2Fv2%2Ftags&post=216225"}],"curies":[{"name":"wp","href":"https:\/\/api.w.org\/{rel}","templated":true}]}}