{"id":216219,"date":"2023-07-18T19:29:09","date_gmt":"2023-07-18T22:29:09","guid":{"rendered":"https:\/\/diarioregionaldigital.com.br\/?p=216219"},"modified":"2023-07-18T19:29:09","modified_gmt":"2023-07-18T22:29:09","slug":"cnj-abre-processo-disciplinar-contra-juiza-gabriela-hardt","status":"publish","type":"post","link":"https:\/\/diarioregionaldigital.com.br\/?p=216219","title":{"rendered":"CNJ abre processo disciplinar contra ju\u00edza Gabriela Hardt"},"content":{"rendered":"<p>O Conselho Nacional de Justi\u00e7a (CNJ) abriu uma reclama\u00e7\u00e3o disciplinar para apurar a conduta da ju\u00edza federal Gabriela Hardt, que atuou na 13\u00aa Vara Federal de Curitiba, respons\u00e1vel pelos processos da Opera\u00e7\u00e3o Lava Jato.<img decoding=\"async\" src=\"https:\/\/agenciabrasil.ebc.com.br\/ebc.png?id=1544365&amp;o=node\" \/><img decoding=\"async\" src=\"https:\/\/agenciabrasil.ebc.com.br\/ebc.gif?id=1544365&amp;o=node\" \/><\/p>\n<p>A decis\u00e3o foi assinada na segunda-feira (17) pelo corregedor nacional de Justi\u00e7a, Lu\u00eds Felipe Salom\u00e3o. O processo vai apurar se a magistrada deixou de tomar provid\u00eancias ap\u00f3s ser alertada de supostas ilegalidades que teriam sido cometidas pelo ex-juiz Sergio Moro e ex-procuradores da Rep\u00fablica.<\/p>\n<p>Na primeira fase do processo, Gabriela Hardt ter\u00e1 prazo de 15 dias enviar ao CNJ sua manifesta\u00e7\u00e3o sobre as acusa\u00e7\u00f5es, que foram feitas pelo empres\u00e1rio Antonio Celso Garcia, conhecido como Tony Garcia. Atualmente, a ju\u00edza atua na 3\u00aa Turma Recursal do Paran\u00e1.<\/p>\n<h2>Entenda<\/h2>\n<p>Em entrevistas \u00e0 imprensa, Garcia afirmou que foi usado como &#8220;agente infiltrado&#8221; pelo ent\u00e3o juiz Moro e procuradores da Lava Jato para gravar investigados nos processos e &#8220;perseguir o PT&#8221;.<\/p>\n<p>Garcia \u00e9 ex-deputado estadual no Paran\u00e1 e assinou um acordo de colabora\u00e7\u00e3o premiada ap\u00f3s ter sido investigado no caso Banestado por crimes contra a ordem tribut\u00e1ria. O acordo foi celebrado em 2004 por Moro, magistrado que atuou no caso.<\/p>\n<p>Anos depois, o Minist\u00e9rio P\u00fablico Federal (MPF) pediu a suspens\u00e3o do acordo por &#8220;suposta omiss\u00e3o&#8221; de Garcia,\u00a0e a reativa\u00e7\u00e3o do processo.<\/p>\n<p>Segundo a defesa do empres\u00e1rio, em mar\u00e7o de 2021, Tony Garcia foi ouvido pela ju\u00edza Gabriela Hardt, ent\u00e3o substituta de Moro, e relatou o &#8220;cometimento de crimes&#8221; pelo ent\u00e3o juiz na condu\u00e7\u00e3o do processo. Contudo, em novembro de 2022, a ju\u00edza declarou a rescis\u00e3o do acordo de colabora\u00e7\u00e3o conforme pedido do MPF.<\/p>\n<p>De acordo com os advogados, a den\u00fancia feita por Garcia foi levada adiante apenas ap\u00f3s o juiz Eduardo Appio, que foi afastado da 13\u00aa Vara, tomar provid\u00eancias e enviar o caso ao Supremo.<\/p>\n<h2>Defesa<\/h2>\n<p>Por meio da assessoria de imprensa da Justi\u00e7a Federal em Curitiba, Gabriela Hardt declarou que vai prestar as informa\u00e7\u00f5es solicitadas pelo CNJ.<\/p>\n<p><span style=\"font-weight: 400;\">Fonte: Ag\u00eancia Brasil <\/span><\/p>\n","protected":false},"excerpt":{"rendered":"<p>O Conselho Nacional de Justi\u00e7a (CNJ) abriu uma reclama\u00e7\u00e3o disciplinar para apurar a conduta da ju\u00edza federal Gabriela Hardt, que atuou na 13\u00aa Vara Federal de Curitiba, respons\u00e1vel pelos processos da Opera\u00e7\u00e3o Lava Jato. A decis\u00e3o foi assinada na segunda-feira (17) pelo corregedor nacional de Justi\u00e7a, Lu\u00eds Felipe Salom\u00e3o. O processo vai apurar se a [&hellip;]<\/p>\n","protected":false},"author":246,"featured_media":216220,"comment_status":"closed","ping_status":"closed","sticky":false,"template":"","format":"standard","meta":{"footnotes":""},"categories":[436,254,439],"tags":[],"class_list":["post-216219","post","type-post","status-publish","format-standard","has-post-thumbnail","hentry","category-destaque-da-semana","category-politica","category-ultima-hora"],"_links":{"self":[{"href":"https:\/\/diarioregionaldigital.com.br\/index.php?rest_route=\/wp\/v2\/posts\/216219","targetHints":{"allow":["GET"]}}],"collection":[{"href":"https:\/\/diarioregionaldigital.com.br\/index.php?rest_route=\/wp\/v2\/posts"}],"about":[{"href":"https:\/\/diarioregionaldigital.com.br\/index.php?rest_route=\/wp\/v2\/types\/post"}],"author":[{"embeddable":true,"href":"https:\/\/diarioregionaldigital.com.br\/index.php?rest_route=\/wp\/v2\/users\/246"}],"replies":[{"embeddable":true,"href":"https:\/\/diarioregionaldigital.com.br\/index.php?rest_route=%2Fwp%2Fv2%2Fcomments&post=216219"}],"version-history":[{"count":1,"href":"https:\/\/diarioregionaldigital.com.br\/index.php?rest_route=\/wp\/v2\/posts\/216219\/revisions"}],"predecessor-version":[{"id":216221,"href":"https:\/\/diarioregionaldigital.com.br\/index.php?rest_route=\/wp\/v2\/posts\/216219\/revisions\/216221"}],"wp:featuredmedia":[{"embeddable":true,"href":"https:\/\/diarioregionaldigital.com.br\/index.php?rest_route=\/wp\/v2\/media\/216220"}],"wp:attachment":[{"href":"https:\/\/diarioregionaldigital.com.br\/index.php?rest_route=%2Fwp%2Fv2%2Fmedia&parent=216219"}],"wp:term":[{"taxonomy":"category","embeddable":true,"href":"https:\/\/diarioregionaldigital.com.br\/index.php?rest_route=%2Fwp%2Fv2%2Fcategories&post=216219"},{"taxonomy":"post_tag","embeddable":true,"href":"https:\/\/diarioregionaldigital.com.br\/index.php?rest_route=%2Fwp%2Fv2%2Ftags&post=216219"}],"curies":[{"name":"wp","href":"https:\/\/api.w.org\/{rel}","templated":true}]}}