{"id":216184,"date":"2023-07-18T03:15:10","date_gmt":"2023-07-18T06:15:10","guid":{"rendered":"https:\/\/diarioregionaldigital.com.br\/?p=216184"},"modified":"2023-07-18T03:15:10","modified_gmt":"2023-07-18T06:15:10","slug":"pjf-avanca-na-revitalizacao-dos-canteiros-centrais-da-avenida-rio-branco","status":"publish","type":"post","link":"https:\/\/diarioregionaldigital.com.br\/?p=216184","title":{"rendered":"PJF avan\u00e7a na revitaliza\u00e7\u00e3o dos canteiros centrais da Avenida Rio Branco"},"content":{"rendered":"<p>Segundo informa\u00e7\u00f5es do site da Prefeitura de Juiz de Fora (PJF), as equipes da Prefeitura de Juiz de Fora (PJF) seguem trabalhando para deixar a Avenida Rio Branco ainda mais bonita. O servi\u00e7o de revitaliza\u00e7\u00e3o dos canteiros da via continua, e agora, est\u00e1 na altura do Pal\u00e1cio da Sa\u00fade, no trecho entre as ruas Silva Jardim e Bar\u00e3o de Cataguases.<\/p>\n<div id=\"pageWidth_internas\">\n<div id=\"box_noticias_integra\">\n<div id=\"box_texto_noticia\">\n<p>No local, tamb\u00e9m est\u00e1 sendo realizada a pintura de gradis de separa\u00e7\u00e3o da via e dos meio-fios. Por conta do tr\u00e2nsito intenso na avenida, que \u00e9 a principal da cidade, os trabalhos requerem um cuidado maior para a seguran\u00e7a dos trabalhadores e de todos que por ali transitam.<\/p>\n<p><strong>Canteiros Floridos<\/strong><\/p>\n<p>O Horto Florestal da Empresa Municipal de Pavimenta\u00e7\u00e3o e Urbanidades (Empav) continua deixando a cidade ainda mais florida e colorida. Os canteiros est\u00e3o recebendo mudas das flores de beijo (<em>Sunpatiens spp<\/em>) e outras plantas ornamentais. Todos os dias as plantas s\u00e3o regadas para que cres\u00e7am fortes e saud\u00e1veis.<\/p>\n<\/div>\n<div id=\"box_compartilhar\" align=\"right\"><\/div>\n<\/div>\n<\/div>\n","protected":false},"excerpt":{"rendered":"<p>Segundo informa\u00e7\u00f5es do site da Prefeitura de Juiz de Fora (PJF), as equipes da Prefeitura de Juiz de Fora (PJF) seguem trabalhando para deixar a Avenida Rio Branco ainda mais bonita. O servi\u00e7o de revitaliza\u00e7\u00e3o dos canteiros da via continua, e agora, est\u00e1 na altura do Pal\u00e1cio da Sa\u00fade, no trecho entre as ruas Silva [&hellip;]<\/p>\n","protected":false},"author":246,"featured_media":216185,"comment_status":"closed","ping_status":"closed","sticky":false,"template":"","format":"standard","meta":{"footnotes":""},"categories":[253,436,439],"tags":[],"class_list":["post-216184","post","type-post","status-publish","format-standard","has-post-thumbnail","hentry","category-cidade","category-destaque-da-semana","category-ultima-hora"],"_links":{"self":[{"href":"https:\/\/diarioregionaldigital.com.br\/index.php?rest_route=\/wp\/v2\/posts\/216184","targetHints":{"allow":["GET"]}}],"collection":[{"href":"https:\/\/diarioregionaldigital.com.br\/index.php?rest_route=\/wp\/v2\/posts"}],"about":[{"href":"https:\/\/diarioregionaldigital.com.br\/index.php?rest_route=\/wp\/v2\/types\/post"}],"author":[{"embeddable":true,"href":"https:\/\/diarioregionaldigital.com.br\/index.php?rest_route=\/wp\/v2\/users\/246"}],"replies":[{"embeddable":true,"href":"https:\/\/diarioregionaldigital.com.br\/index.php?rest_route=%2Fwp%2Fv2%2Fcomments&post=216184"}],"version-history":[{"count":1,"href":"https:\/\/diarioregionaldigital.com.br\/index.php?rest_route=\/wp\/v2\/posts\/216184\/revisions"}],"predecessor-version":[{"id":216186,"href":"https:\/\/diarioregionaldigital.com.br\/index.php?rest_route=\/wp\/v2\/posts\/216184\/revisions\/216186"}],"wp:featuredmedia":[{"embeddable":true,"href":"https:\/\/diarioregionaldigital.com.br\/index.php?rest_route=\/wp\/v2\/media\/216185"}],"wp:attachment":[{"href":"https:\/\/diarioregionaldigital.com.br\/index.php?rest_route=%2Fwp%2Fv2%2Fmedia&parent=216184"}],"wp:term":[{"taxonomy":"category","embeddable":true,"href":"https:\/\/diarioregionaldigital.com.br\/index.php?rest_route=%2Fwp%2Fv2%2Fcategories&post=216184"},{"taxonomy":"post_tag","embeddable":true,"href":"https:\/\/diarioregionaldigital.com.br\/index.php?rest_route=%2Fwp%2Fv2%2Ftags&post=216184"}],"curies":[{"name":"wp","href":"https:\/\/api.w.org\/{rel}","templated":true}]}}